{"id":6584,"date":"2026-03-20T15:34:46","date_gmt":"2026-03-20T15:34:46","guid":{"rendered":"https:\/\/fetrib.com\/web\/?p=6584"},"modified":"2026-03-20T15:34:46","modified_gmt":"2026-03-20T15:34:46","slug":"el-dega-duatlo-santa-eularia-reuneix-un-centenar-de-participants-aquest-dissabte","status":"publish","type":"post","link":"https:\/\/fetrib.com\/web\/2026\/03\/20\/el-dega-duatlo-santa-eularia-reuneix-un-centenar-de-participants-aquest-dissabte\/","title":{"rendered":"El deg\u00e0 Duatl\u00f3 Santa Eul\u00e0ria reuneix un centenar de participants aquest dissabte"},"content":{"rendered":"\n<p>Santa Eul\u00e0ria des Riu (Eivissa) ja t\u00e9 tot llest per a acollir aquest <strong>dissabte 21 de mar\u00e7<\/strong> una nova edici\u00f3 del <strong>Duatl\u00f3 Santa Eul\u00e0ria<\/strong>, el duatl\u00f3 m\u00e9s antic de les illes Balears que celebrar\u00e0 la seva trentena primera edici\u00f3 congregant a prop d\u2019un centenar de participants de totes les edats.<\/p>\n\n\n\n<p>L&#8217;esdeveniment, organitzat a c\u00e0rrec del <strong>Club Triatl\u00f3 Santa Eul\u00e0ria<\/strong> i <strong>Ibiza Blue Challenge<\/strong> amb la col\u00b7laboraci\u00f3 de la <strong>Federaci\u00f3 de Triatl\u00f3 de les Illes Balears<\/strong> (FETRIB), del <strong>Ajuntament de Santa Eul\u00e0ria<\/strong>, el <strong>Consell Insular d&#8217;Eivissa<\/strong> i d&#8217;empreses locals arrencar\u00e0 a les <strong>14:15 hores<\/strong> amb la disputa de les diferents carreres destinades a <strong>categories de formaci\u00f3<\/strong>.<\/p>\n\n\n\n<p>Les promeses incipients de l&#8217;esport balear competiran en <strong>format supersprint<\/strong>, on els atletes de categoria <strong>Cadet<\/strong> (14-15 anys) i <strong>Infantil <\/strong>(12-13 anys) s&#8217;enfrontar\u00e0 a un recorregut de 1,9K de carrera a peu; 7,6K de sector ciclista i un 0,9 K de carrera a peu final.<\/p>\n\n\n\n<p>Despr\u00e9s d&#8217;aix\u00f2, arribar\u00e0 el plat fort del dia, el <strong>duatl\u00f3 Sprint de Santa Eul\u00e0ria<\/strong> on els esportistes buscaran succeir en el palmar\u00e8s a <strong>Antonio Juan<\/strong> i <strong>Xisca Tous<\/strong>. La <strong>categoria absoluta, sub\u201923 i juvenil masculina es posar\u00e0 en marxa a les 15:00h<\/strong> i tres minuts despr\u00e9s prendran el protagonisme la <strong>categoria absoluta, sub\u201923 i juvenil femenina<\/strong> (15:03h). Les vict\u00f2ries es decidiran en un circuit confeccionat per un 5K de carrera a peu, un 20K de sector ciclista i la definitiva carrera a peu de 2,5K.<\/p>\n\n\n\n<p>El fermall d&#8217;or de la jornada el posaran a les <strong>16:30h<\/strong> els m\u00e9s petits dels Illes Balears, que contactaran de nou o per primera vegada amb el duatl\u00f3 sota una <strong>versi\u00f3 redu\u00efda de la dist\u00e0ncia Supersprint<\/strong>: <strong>Alevins<\/strong> (1K \u2013 4K \u2013 0,5K) i <strong>Benjamins<\/strong> (0,5K \u2013 2K \u2013 0,2K).<\/p>\n\n\n\n<p>Tots ells es reuniran en el Passeig de s\u00b4Alamera que tornar\u00e0 a ser l&#8217;epicentre esportiu d&#8217;una competici\u00f3 que emana tradici\u00f3 i passi\u00f3 pel duatl\u00f3 en un entorn incomparable.<\/p>\n","protected":false},"excerpt":{"rendered":"<p>Santa Eul\u00e0ria des Riu (Eivissa) ja t\u00e9 tot llest per a acollir aquest dissabte 21 de mar\u00e7 una nova edici\u00f3 del Duatl\u00f3 Santa Eul\u00e0ria, el duatl\u00f3 m\u00e9s antic de les illes Balears que celebrar\u00e0 la seva trentena primera edici\u00f3 congregant a prop d\u2019un centenar de participants de totes les edats. L&#8217;esdeveniment, organitzat a c\u00e0rrec del &#8230;<\/p>\n","protected":false},"author":1,"featured_media":6585,"comment_status":"closed","ping_status":"open","sticky":false,"template":"","format":"standard","meta":{"_uag_custom_page_level_css":"","footnotes":""},"categories":[28,1,37],"tags":[104],"class_list":["post-6584","post","type-post","status-publish","format-standard","has-post-thumbnail","hentry","category-competiciones","category-general","category-latest-news","tag-duatlo-santa-eularia"],"uagb_featured_image_src":{"full":["https:\/\/fetrib.com\/web\/wp-content\/uploads\/2026\/03\/653560656_1550288659775775_3127733657985196660_n.jpg",832,1248,false],"thumbnail":["https:\/\/fetrib.com\/web\/wp-content\/uploads\/2026\/03\/653560656_1550288659775775_3127733657985196660_n-150x150.jpg",150,150,true],"medium":["https:\/\/fetrib.com\/web\/wp-content\/uploads\/2026\/03\/653560656_1550288659775775_3127733657985196660_n-200x300.jpg",200,300,true],"medium_large":["https:\/\/fetrib.com\/web\/wp-content\/uploads\/2026\/03\/653560656_1550288659775775_3127733657985196660_n-768x1152.jpg",620,930,true],"large":["https:\/\/fetrib.com\/web\/wp-content\/uploads\/2026\/03\/653560656_1550288659775775_3127733657985196660_n-683x1024.jpg",620,930,true],"1536x1536":["https:\/\/fetrib.com\/web\/wp-content\/uploads\/2026\/03\/653560656_1550288659775775_3127733657985196660_n.jpg",832,1248,false],"2048x2048":["https:\/\/fetrib.com\/web\/wp-content\/uploads\/2026\/03\/653560656_1550288659775775_3127733657985196660_n.jpg",832,1248,false],"tie-small":["https:\/\/fetrib.com\/web\/wp-content\/uploads\/2026\/03\/653560656_1550288659775775_3127733657985196660_n-70x70.jpg",70,70,true],"tie-large":["https:\/\/fetrib.com\/web\/wp-content\/uploads\/2026\/03\/653560656_1550288659775775_3127733657985196660_n-300x160.jpg",300,160,true],"slider":["https:\/\/fetrib.com\/web\/wp-content\/uploads\/2026\/03\/653560656_1550288659775775_3127733657985196660_n-620x330.jpg",620,330,true]},"uagb_author_info":{"display_name":"admin","author_link":"https:\/\/fetrib.com\/web\/author\/admin\/"},"uagb_comment_info":0,"uagb_excerpt":"Santa Eul\u00e0ria des Riu (Eivissa) ja t\u00e9 tot llest per a acollir aquest dissabte 21 de mar\u00e7 una nova edici\u00f3 del Duatl\u00f3 Santa Eul\u00e0ria, el duatl\u00f3 m\u00e9s antic de les illes Balears que celebrar\u00e0 la seva trentena primera edici\u00f3 congregant a prop d\u2019un centenar de participants de totes les edats. L&#8217;esdeveniment, organitzat a c\u00e0rrec del&hellip;","_links":{"self":[{"href":"https:\/\/fetrib.com\/web\/wp-json\/wp\/v2\/posts\/6584","targetHints":{"allow":["GET"]}}],"collection":[{"href":"https:\/\/fetrib.com\/web\/wp-json\/wp\/v2\/posts"}],"about":[{"href":"https:\/\/fetrib.com\/web\/wp-json\/wp\/v2\/types\/post"}],"author":[{"embeddable":true,"href":"https:\/\/fetrib.com\/web\/wp-json\/wp\/v2\/users\/1"}],"replies":[{"embeddable":true,"href":"https:\/\/fetrib.com\/web\/wp-json\/wp\/v2\/comments?post=6584"}],"version-history":[{"count":1,"href":"https:\/\/fetrib.com\/web\/wp-json\/wp\/v2\/posts\/6584\/revisions"}],"predecessor-version":[{"id":6586,"href":"https:\/\/fetrib.com\/web\/wp-json\/wp\/v2\/posts\/6584\/revisions\/6586"}],"wp:featuredmedia":[{"embeddable":true,"href":"https:\/\/fetrib.com\/web\/wp-json\/wp\/v2\/media\/6585"}],"wp:attachment":[{"href":"https:\/\/fetrib.com\/web\/wp-json\/wp\/v2\/media?parent=6584"}],"wp:term":[{"taxonomy":"category","embeddable":true,"href":"https:\/\/fetrib.com\/web\/wp-json\/wp\/v2\/categories?post=6584"},{"taxonomy":"post_tag","embeddable":true,"href":"https:\/\/fetrib.com\/web\/wp-json\/wp\/v2\/tags?post=6584"}],"curies":[{"name":"wp","href":"https:\/\/api.w.org\/{rel}","templated":true}]}}