{"id":6587,"date":"2026-03-23T14:22:53","date_gmt":"2026-03-23T14:22:53","guid":{"rendered":"https:\/\/fetrib.com\/web\/?p=6587"},"modified":"2026-03-23T14:23:06","modified_gmt":"2026-03-23T14:23:06","slug":"jacob-sanchez-i-indre-barkute-guanyen-el-duatlo-santa-eularia-2026","status":"publish","type":"post","link":"https:\/\/fetrib.com\/web\/2026\/03\/23\/jacob-sanchez-i-indre-barkute-guanyen-el-duatlo-santa-eularia-2026\/","title":{"rendered":"Jacob\u00a0S\u00e1nchez i\u00a0Indre\u00a0Barkute\u00a0guanyen el\u00a0Duatl\u00f3\u00a0Santa Eul\u00e0ria 2026"},"content":{"rendered":"\n<p><strong>Jacob S\u00e1nchez<\/strong> (Club Atl\u00e8tic Torell\u00f3) en l&#8217;elit masculina i <strong>Indre Barkute<\/strong> (GD Presuntos Triatletas) es van emportar la vict\u00f2ria aquest 21 de mar\u00e7 en la trenta-unena edici\u00f3 del <strong>Duatl\u00f3 de Santa Eul\u00e0ria<\/strong> disputat en la localitat de Santa Eul\u00e0ria des Riu (Eivissa). La degana del duatl\u00f3 balear va reunir dissabte a gaireb\u00e9 un centenar de participants de totes les edats en una jornada marcada pel bon ambient d&#8217;una prova que va combinar carrera a peu i ciclisme i que va viure carreres amb din\u00e0miques completament diferents.<\/p>\n\n\n\n<div class=\"wp-block-uagb-advanced-heading uagb-block-f4afed64\"><h2 class=\"uagb-heading-text\"><strong>S\u00c1NCHEZ S&#8217;IMPOSA AL SPRINT<\/strong><\/h2><\/div>\n\n\n\n<p>En <strong>categoria masculina<\/strong>, la dist\u00e0ncia sprint va estar protagonitzat pel <strong>frec a frec<\/strong> que van mantenir els dos grans atletes del dia, J<strong>acob S\u00e1nchez i Adri\u00e1n Miralles<\/strong> (Club Atletisme Joan Comes). Un m\u00e0 a m\u00e0 que es va formar des dels primers compassos de la competici\u00f3. Junts van compartir una carrera en la qual ja en el primer 5k van marxar en solitari, una igualtat que es va mantenir durant el segment ciclista i no va ser fins a la segona i definitiva carrera a peu quan <strong>el triomf es va decidir en un ag\u00f2nic sprint que va guanyar Jacob S\u00e1nchez (58:09)<\/strong>. Adri\u00e1n Miralles (58:98) obtenia la segona pla\u00e7a i <strong>Sergio Ponce<\/strong> (01:01:06) del Prat Triatl\u00f3 1994 <strong>va completar un podi<\/strong> pel qual va lluitar amb Pablo Fern\u00e1ndez.<\/p>\n\n\n\n<div class=\"wp-block-uagb-advanced-heading uagb-block-365e76b2\"><h2 class=\"uagb-heading-text\"><strong>BARKUTE, UNA VICT\u00d2RIA INDISCUTIBLE<\/strong><\/h2><\/div>\n\n\n\n<p>Diametralment oposada va ser la categoria femenina on Indre Barkute (1:07:29) va dominar de principi a fi. La duatleta va marcar les difer\u00e8ncies en els tres segments, sent la millor en tots ells. La segona posici\u00f3 va ser per a la seva companya Mar\u00eda Victoria Abrate (1:09:28), qui va forjar la seva plata en el segment ciclista, i la tercera per a Mar\u00eda de la Mar Anaven (1:11:43).<\/p>\n\n\n\n<figure class=\"wp-block-image size-large\"><img loading=\"lazy\" decoding=\"async\" width=\"1024\" height=\"895\" src=\"https:\/\/fetrib.com\/web\/wp-content\/uploads\/2026\/03\/652759889_943501754738384_1782665422716350759_n-1024x895.jpg\" alt=\"\" class=\"wp-image-6588\" srcset=\"https:\/\/fetrib.com\/web\/wp-content\/uploads\/2026\/03\/652759889_943501754738384_1782665422716350759_n-1024x895.jpg 1024w, https:\/\/fetrib.com\/web\/wp-content\/uploads\/2026\/03\/652759889_943501754738384_1782665422716350759_n-300x262.jpg 300w, https:\/\/fetrib.com\/web\/wp-content\/uploads\/2026\/03\/652759889_943501754738384_1782665422716350759_n-768x672.jpg 768w, https:\/\/fetrib.com\/web\/wp-content\/uploads\/2026\/03\/652759889_943501754738384_1782665422716350759_n.jpg 1290w\" sizes=\"auto, (max-width: 1024px) 100vw, 1024px\" \/><\/figure>\n\n\n\n<p>A m\u00e9s, tamb\u00e9 es van disputar diverses carreres corresponents a categories formatives i d&#8217;iniciaci\u00f3 a l&#8217;esport.<\/p>\n","protected":false},"excerpt":{"rendered":"<p>Jacob S\u00e1nchez (Club Atl\u00e8tic Torell\u00f3) en l&#8217;elit masculina i Indre Barkute (GD Presuntos Triatletas) es van emportar la vict\u00f2ria aquest 21 de mar\u00e7 en la trenta-unena edici\u00f3 del Duatl\u00f3 de Santa Eul\u00e0ria disputat en la localitat de Santa Eul\u00e0ria des Riu (Eivissa). La degana del duatl\u00f3 balear va reunir dissabte a gaireb\u00e9 un centenar de &#8230;<\/p>\n","protected":false},"author":1,"featured_media":6589,"comment_status":"closed","ping_status":"open","sticky":false,"template":"","format":"standard","meta":{"_uag_custom_page_level_css":"","footnotes":""},"categories":[28,1],"tags":[104],"class_list":["post-6587","post","type-post","status-publish","format-standard","has-post-thumbnail","hentry","category-competiciones","category-general","tag-duatlo-santa-eularia"],"uagb_featured_image_src":{"full":["https:\/\/fetrib.com\/web\/wp-content\/uploads\/2026\/03\/655456269_1964130240901148_690308545484708342_n.jpg",1290,1010,false],"thumbnail":["https:\/\/fetrib.com\/web\/wp-content\/uploads\/2026\/03\/655456269_1964130240901148_690308545484708342_n-150x150.jpg",150,150,true],"medium":["https:\/\/fetrib.com\/web\/wp-content\/uploads\/2026\/03\/655456269_1964130240901148_690308545484708342_n-300x235.jpg",300,235,true],"medium_large":["https:\/\/fetrib.com\/web\/wp-content\/uploads\/2026\/03\/655456269_1964130240901148_690308545484708342_n-768x601.jpg",620,485,true],"large":["https:\/\/fetrib.com\/web\/wp-content\/uploads\/2026\/03\/655456269_1964130240901148_690308545484708342_n-1024x802.jpg",620,486,true],"1536x1536":["https:\/\/fetrib.com\/web\/wp-content\/uploads\/2026\/03\/655456269_1964130240901148_690308545484708342_n.jpg",1290,1010,false],"2048x2048":["https:\/\/fetrib.com\/web\/wp-content\/uploads\/2026\/03\/655456269_1964130240901148_690308545484708342_n.jpg",1290,1010,false],"tie-small":["https:\/\/fetrib.com\/web\/wp-content\/uploads\/2026\/03\/655456269_1964130240901148_690308545484708342_n-70x70.jpg",70,70,true],"tie-large":["https:\/\/fetrib.com\/web\/wp-content\/uploads\/2026\/03\/655456269_1964130240901148_690308545484708342_n-300x160.jpg",300,160,true],"slider":["https:\/\/fetrib.com\/web\/wp-content\/uploads\/2026\/03\/655456269_1964130240901148_690308545484708342_n-620x330.jpg",620,330,true]},"uagb_author_info":{"display_name":"admin","author_link":"https:\/\/fetrib.com\/web\/author\/admin\/"},"uagb_comment_info":0,"uagb_excerpt":"Jacob S\u00e1nchez (Club Atl\u00e8tic Torell\u00f3) en l&#8217;elit masculina i Indre Barkute (GD Presuntos Triatletas) es van emportar la vict\u00f2ria aquest 21 de mar\u00e7 en la trenta-unena edici\u00f3 del Duatl\u00f3 de Santa Eul\u00e0ria disputat en la localitat de Santa Eul\u00e0ria des Riu (Eivissa). La degana del duatl\u00f3 balear va reunir dissabte a gaireb\u00e9 un centenar de&hellip;","_links":{"self":[{"href":"https:\/\/fetrib.com\/web\/wp-json\/wp\/v2\/posts\/6587","targetHints":{"allow":["GET"]}}],"collection":[{"href":"https:\/\/fetrib.com\/web\/wp-json\/wp\/v2\/posts"}],"about":[{"href":"https:\/\/fetrib.com\/web\/wp-json\/wp\/v2\/types\/post"}],"author":[{"embeddable":true,"href":"https:\/\/fetrib.com\/web\/wp-json\/wp\/v2\/users\/1"}],"replies":[{"embeddable":true,"href":"https:\/\/fetrib.com\/web\/wp-json\/wp\/v2\/comments?post=6587"}],"version-history":[{"count":2,"href":"https:\/\/fetrib.com\/web\/wp-json\/wp\/v2\/posts\/6587\/revisions"}],"predecessor-version":[{"id":6591,"href":"https:\/\/fetrib.com\/web\/wp-json\/wp\/v2\/posts\/6587\/revisions\/6591"}],"wp:featuredmedia":[{"embeddable":true,"href":"https:\/\/fetrib.com\/web\/wp-json\/wp\/v2\/media\/6589"}],"wp:attachment":[{"href":"https:\/\/fetrib.com\/web\/wp-json\/wp\/v2\/media?parent=6587"}],"wp:term":[{"taxonomy":"category","embeddable":true,"href":"https:\/\/fetrib.com\/web\/wp-json\/wp\/v2\/categories?post=6587"},{"taxonomy":"post_tag","embeddable":true,"href":"https:\/\/fetrib.com\/web\/wp-json\/wp\/v2\/tags?post=6587"}],"curies":[{"name":"wp","href":"https:\/\/api.w.org\/{rel}","templated":true}]}}