{"id":6592,"date":"2026-03-27T16:38:05","date_gmt":"2026-03-27T16:38:05","guid":{"rendered":"https:\/\/fetrib.com\/web\/?p=6592"},"modified":"2026-03-27T16:38:22","modified_gmt":"2026-03-27T16:38:22","slug":"totaltri-mallorca-obre-la-temporada-de-triatlo-a-europa","status":"publish","type":"post","link":"https:\/\/fetrib.com\/web\/2026\/03\/27\/totaltri-mallorca-obre-la-temporada-de-triatlo-a-europa\/","title":{"rendered":"TOTALTRI MALLORCA obre la temporada de triatl\u00f3 a Europa"},"content":{"rendered":"\n<p>Santany\u00ed (Mallorca) est\u00e9n la catifa vermella als seus carrers per a acollir aquest diumenge 29 de mar\u00e7 una nova edici\u00f3 del Totaltri Mallorca International Triathlon, una prova que celebrar\u00e0 la seva catorzena edici\u00f3 congregant a gaireb\u00e9 mig miler de participants.<\/p>\n\n\n\n<div class=\"wp-block-uagb-advanced-heading uagb-block-15d6841d\"><h2 class=\"uagb-heading-text\">TOTALTRI MALLORCA M\u00c9S INTERNACIONAL I M\u00c9S FEMEN\u00cd<\/h2><\/div>\n\n\n\n<p>Totaltri Mallorca festejar\u00e0 aquest cap de setmana el seu moment daurat, despr\u00e9s d&#8217;esgotar dorsals, consolidar un creixement del 84% d&#8217;inscrits respecte a l&#8217;\u00faltima edici\u00f3 disputada i fregar el seu r\u00e8cord de participaci\u00f3. Un ren\u00e9ixer que ve de la m\u00e0 de la seva nova posici\u00f3 en el calendari \u2013 primer triatl\u00f3 popular europeu del curs \u2013 i el suport d&#8217;un p\u00fablic tant nacional com internacional. En aquest sentit, la prova comptar\u00e0 amb un centenar i mig d&#8217;atletes estrangers de gaireb\u00e9 una trentena de pa\u00efsos (28) que representaran al 31% dels triatletes. N\u00fameros que reflecteixen el car\u00e0cter internacional de la prova i plasmen el seu posicionament com un referent en el calendari auton\u00f2mic, nacional i europeu.<\/p>\n\n\n\n<p>El creixement de la participaci\u00f3 femenina \u00e9s un altre de les dades que deixa l&#8217;edici\u00f3 2026 i, en aquesta ocasi\u00f3, les dones representaran al 23% dels participants amb m\u00e9s d&#8217;un centenar de dones inscrites.<\/p>\n\n\n\n<div class=\"wp-block-uagb-advanced-heading uagb-block-88e828c1\"><h2 class=\"uagb-heading-text\">CALA D&#8217;OR LA GRAN NOVETAT EN UN TRA\u00c7AT QUE REFOR\u00c7A LA SEVA IDENTITAT<\/h2><\/div>\n\n\n\n<p>L&#8217;esdeveniment organitzat per Triman amb el suport de l&#8217;Ajuntament de Santany\u00ed, aix\u00ed com el de la Fundaci\u00f3 Turisme Responsable de Mallorca i Turisme illes Balears i una important llista de patrocinadors torna amb l&#8217;estrena del sector aqu\u00e0tic en les aig\u00fces cristal\u00b7lines de Cala d&#8217;Or com a gran novetat. En canvi, es mant\u00e9 fidel a la seva ess\u00e8ncia en el segment ciclista i la carrera a peu. Les llargues rectes i els camins t\u00edpics mallorquins de Calogne i Cala d&#8217;Or seran decisives sobre les dues rodes, mentre que l&#8217;\u00faltim sector transportar\u00e0 als atletes a un tra\u00e7at que combinar\u00e0 pla amb pujades i baixades per escenaris com la Marina de Cala d&#8217;Or o \u00c9s Fort\u00ed abans de travessar la l\u00ednia de meta.<\/p>\n\n\n\n<div class=\"wp-block-uagb-advanced-heading uagb-block-da8ea01b\"><h2 class=\"uagb-heading-text\"><strong>CORACH\u00c1N TORNA AL TRIATL\u00d3 EN TOTALTRI MALLOCA INTERNATIONAL TRIATHLON<\/strong><\/h2><\/div>\n\n\n\n<p>En l&#8217;esportiu s&#8217;anuncia una competici\u00f3 molt atractiva i de gran nivell amb dos t\u00f2tems de la disciplina com a referents i ambaixadors de la prova com ho s\u00f3n la llegenda Judith Corach\u00e1n i Julen D\u00edez. Tots dos mantenen el seu comprom\u00eds amb la prova i tornen a un esdeveniment al qual tenien previst acudir ja en 2025 i en el qual seran els grans favorits en la dist\u00e0ncia 1\/3 de Full.<\/p>\n\n\n\n<p>D&#8217;aquesta manera, en categoria femenina, Totaltri Mallorca viur\u00e0 un moment \u00fanic i hist\u00f2ric, un veritable privilegi. Judith Corach\u00e1n tornar\u00e0 a enfundar-se un tritraje per a competir en una disciplina de la qual es va acomiadar el curs passat despr\u00e9s de coronar-se Campiona d&#8217;Espanya de Llarga Dist\u00e0ncia. Propiet\u00e0ria d&#8217;una qualitat i poder indiscutible, la catalana ser\u00e0 el gran nom a seguir en una carrera en la qual t\u00e9 a la seva m\u00e0 la clau per a decidir competir-la al m\u00e0xim o viure-la com un sentit homenatge de l&#8217;afici\u00f3 balear i compartir experi\u00e8ncia amb els i les triatletes amateurs.<\/p>\n\n\n\n<p>En el cas del bisca\u00ed, arriba amb l&#8217;objectiu d&#8217;assaborir les mels del triomf en una carrera en la qual debutar\u00e0. D\u00edez acudeix a Totaltri Mallorca immers en una temporada en la qual la seva meta est\u00e0 posada a ser un dels homes m\u00e9s forts del r\u00e1nking de mitjana i llarga dist\u00e0ncia de la FETRI, alhora que alterna els seus compromisos nacionals amb els internacionals, com va ser el cas de Challenge Sir Bani Yas. Entre els seus rivals per a al\u00e7ar-se amb el triomf partir\u00e0 un altre basc com Mikel Txopitea.<\/p>\n\n\n\n<p>D&#8217;altra banda, la dist\u00e0ncia ol\u00edmpica es preveu com la m\u00e9s disputada i la m\u00e9s popular en reunir dos centenars de triatletes, mentre que l&#8217;original Small veur\u00e0 la versi\u00f3 m\u00e9s explosiva dels esportistes, alhora que presenciar\u00e0 el debut d&#8217;altres corredors en la disciplina.<\/p>\n\n\n\n<div class=\"wp-block-uagb-advanced-heading uagb-block-5ff32d52\"><h2 class=\"uagb-heading-text\"><strong>DOS DIES DE FESTA DEL TRIATL\u00d3 A SANTANY\u00cd<\/strong><\/h2><\/div>\n\n\n\n<p>La gran festa que promet ser Totaltri Mallorca 2026 comen\u00e7ar\u00e0 la tarda del dissabte 28 de mar\u00e7 amb la expo, el check-in obligatori o les carpes disposades en el punt neur\u00e0lgic de la prova entre altres. Menys de 24h despr\u00e9s, i despr\u00e9s de la transici\u00f3 a l&#8217;horari d&#8217;estiu inclosa, ser\u00e0 el torn de la veritat. L&#8217;acci\u00f3 arrencar\u00e0 a les 09:10h del mat\u00ed del diumenge 29 de mar\u00e7 amb el tret de sortida per a la dist\u00e0ncia Small; un inici al qual succeir\u00e0 el de la dist\u00e0ncia 1\/3 de Full a les 09:50h i finalment, la dist\u00e0ncia Ol\u00edmpica prendr\u00e0 el relleu final a partir de les 10:45h. Una matinal que tindr\u00e0 el seu colof\u00f3 al voltant de les 14:00h amb el lliurament de premis i donar\u00e0 pas al tercer temps, la connexi\u00f3 social en uns carrers de Santany\u00ed que respiraran triatl\u00f3 durant tot el cap de setmana.<\/p>\n","protected":false},"excerpt":{"rendered":"<p>Santany\u00ed (Mallorca) est\u00e9n la catifa vermella als seus carrers per a acollir aquest diumenge 29 de mar\u00e7 una nova edici\u00f3 del Totaltri Mallorca International Triathlon, una prova que celebrar\u00e0 la seva catorzena edici\u00f3 congregant a gaireb\u00e9 mig miler de participants. TOTALTRI MALLORCA M\u00c9S INTERNACIONAL I M\u00c9S FEMEN\u00cd Totaltri Mallorca festejar\u00e0 aquest cap de setmana el &#8230;<\/p>\n","protected":false},"author":1,"featured_media":6593,"comment_status":"closed","ping_status":"open","sticky":false,"template":"","format":"standard","meta":{"_uag_custom_page_level_css":"","footnotes":""},"categories":[28,1,37],"tags":[128],"class_list":["post-6592","post","type-post","status-publish","format-standard","has-post-thumbnail","hentry","category-competiciones","category-general","category-latest-news","tag-totaltri-mallorca"],"uagb_featured_image_src":{"full":["https:\/\/fetrib.com\/web\/wp-content\/uploads\/2026\/03\/PREVIA-TOTALTRI-MALLORCA-2026.jpg",1289,860,false],"thumbnail":["https:\/\/fetrib.com\/web\/wp-content\/uploads\/2026\/03\/PREVIA-TOTALTRI-MALLORCA-2026-150x150.jpg",150,150,true],"medium":["https:\/\/fetrib.com\/web\/wp-content\/uploads\/2026\/03\/PREVIA-TOTALTRI-MALLORCA-2026-300x200.jpg",300,200,true],"medium_large":["https:\/\/fetrib.com\/web\/wp-content\/uploads\/2026\/03\/PREVIA-TOTALTRI-MALLORCA-2026-768x512.jpg",620,413,true],"large":["https:\/\/fetrib.com\/web\/wp-content\/uploads\/2026\/03\/PREVIA-TOTALTRI-MALLORCA-2026-1024x683.jpg",620,414,true],"1536x1536":["https:\/\/fetrib.com\/web\/wp-content\/uploads\/2026\/03\/PREVIA-TOTALTRI-MALLORCA-2026.jpg",1289,860,false],"2048x2048":["https:\/\/fetrib.com\/web\/wp-content\/uploads\/2026\/03\/PREVIA-TOTALTRI-MALLORCA-2026.jpg",1289,860,false],"tie-small":["https:\/\/fetrib.com\/web\/wp-content\/uploads\/2026\/03\/PREVIA-TOTALTRI-MALLORCA-2026-70x70.jpg",70,70,true],"tie-large":["https:\/\/fetrib.com\/web\/wp-content\/uploads\/2026\/03\/PREVIA-TOTALTRI-MALLORCA-2026-300x160.jpg",300,160,true],"slider":["https:\/\/fetrib.com\/web\/wp-content\/uploads\/2026\/03\/PREVIA-TOTALTRI-MALLORCA-2026-620x330.jpg",620,330,true]},"uagb_author_info":{"display_name":"admin","author_link":"https:\/\/fetrib.com\/web\/author\/admin\/"},"uagb_comment_info":0,"uagb_excerpt":"Santany\u00ed (Mallorca) est\u00e9n la catifa vermella als seus carrers per a acollir aquest diumenge 29 de mar\u00e7 una nova edici\u00f3 del Totaltri Mallorca International Triathlon, una prova que celebrar\u00e0 la seva catorzena edici\u00f3 congregant a gaireb\u00e9 mig miler de participants. TOTALTRI MALLORCA M\u00c9S INTERNACIONAL I M\u00c9S FEMEN\u00cd Totaltri Mallorca festejar\u00e0 aquest cap de setmana el&hellip;","_links":{"self":[{"href":"https:\/\/fetrib.com\/web\/wp-json\/wp\/v2\/posts\/6592","targetHints":{"allow":["GET"]}}],"collection":[{"href":"https:\/\/fetrib.com\/web\/wp-json\/wp\/v2\/posts"}],"about":[{"href":"https:\/\/fetrib.com\/web\/wp-json\/wp\/v2\/types\/post"}],"author":[{"embeddable":true,"href":"https:\/\/fetrib.com\/web\/wp-json\/wp\/v2\/users\/1"}],"replies":[{"embeddable":true,"href":"https:\/\/fetrib.com\/web\/wp-json\/wp\/v2\/comments?post=6592"}],"version-history":[{"count":1,"href":"https:\/\/fetrib.com\/web\/wp-json\/wp\/v2\/posts\/6592\/revisions"}],"predecessor-version":[{"id":6594,"href":"https:\/\/fetrib.com\/web\/wp-json\/wp\/v2\/posts\/6592\/revisions\/6594"}],"wp:featuredmedia":[{"embeddable":true,"href":"https:\/\/fetrib.com\/web\/wp-json\/wp\/v2\/media\/6593"}],"wp:attachment":[{"href":"https:\/\/fetrib.com\/web\/wp-json\/wp\/v2\/media?parent=6592"}],"wp:term":[{"taxonomy":"category","embeddable":true,"href":"https:\/\/fetrib.com\/web\/wp-json\/wp\/v2\/categories?post=6592"},{"taxonomy":"post_tag","embeddable":true,"href":"https:\/\/fetrib.com\/web\/wp-json\/wp\/v2\/tags?post=6592"}],"curies":[{"name":"wp","href":"https:\/\/api.w.org\/{rel}","templated":true}]}}