{"id":6595,"date":"2026-03-29T19:56:53","date_gmt":"2026-03-29T19:56:53","guid":{"rendered":"https:\/\/fetrib.com\/web\/?p=6595"},"modified":"2026-03-29T19:56:54","modified_gmt":"2026-03-29T19:56:54","slug":"julen-diez-i-claudia-striekwold-lideren-els-triomfs-en-un-exigent-totaltri-mallorca-2026","status":"publish","type":"post","link":"https:\/\/fetrib.com\/web\/2026\/03\/29\/julen-diez-i-claudia-striekwold-lideren-els-triomfs-en-un-exigent-totaltri-mallorca-2026\/","title":{"rendered":"Julen D\u00edez i Claudia Striekwold lideren els triomfs en un exigent TOTALTRI MALLORCA 2026"},"content":{"rendered":"\n<h1 class=\"wp-block-heading\"><\/h1>\n\n\n\n<p>Totaltri Mallorca International Triathlon ha celebrat aquest 29 de mar\u00e7 la seva catorzena edici\u00f3 en la qual ha reunit aquest diumenge a prop de mig miler de participants en la localitat de Santany\u00ed (Mallorca). L&#8217;esdeveniment mallorqu\u00ed ha donat el tret de sortida de triatlons populars a nivell europeu en una jornada que ha estat marcada pel reconeixement a Joan Nadal i el gran ambient i animaci\u00f3 de la prova malgrat les condicions meteorol\u00f2giques que han provocat la reducci\u00f3 a \u00fanicament 1.000m del sector aqu\u00e0tic de les dist\u00e0ncies Ol\u00edmpica i 1\/3 de Full disputat a la Platja de Cala Gran de Cala d\u2019Or.<\/p>\n\n\n\n<div class=\"wp-block-uagb-advanced-heading uagb-block-1d0b86df\"><h2 class=\"uagb-heading-text\"><strong>D\u00cdEZ I STRIEKWOLD CONQUISTEN LA DIST\u00c0NCIA REINA DEL 1\/3 DE FULL<\/strong><\/h2><\/div>\n\n\n\n<p>El bisca\u00ed Julen D\u00edez es va proclamar guanyador de la dist\u00e0ncia 1\/3 de Full despr\u00e9s de brindar una brillant actuaci\u00f3 a Santany\u00ed i va confirmar aix\u00ed els pron\u00f2stics que li situaven com el gran favorit. El triatleta es va situar en una c\u00f2moda segona pla\u00e7a des dels primers compassos aqu\u00e0tic on va aconseguir una renda de m\u00e9s d&#8217;un minut respecte al seu immediat perseguidor, el local Jaume Florit (2:43:04) al mateix temps que va vigilar de prop al millor nedador del dia, el jove Lloren\u00e7 Soler (2:47:18) qui es va encaminar a la T1 amb mig minut d&#8217;avantatge. Va ser sobre la bicicleta quan D\u00edez va prendre el control de la carrera alhora que Soler es va veure tamb\u00e9 superat per Florit. Unes posicions que es van mantenir intactes en la definitiva carrera a peu on Julen D\u00edez va tancar el seu triomf amb un temps de 2:40:37.<\/p>\n\n\n\n<p>En categoria femenina, Claudia Striekwold signava una competici\u00f3 gaireb\u00e9 id\u00e8ntica al del seu hom\u00f2leg mascul\u00ed i guanyava la prova despr\u00e9s de dominar-la de principi a fi. La triatleta es va imposar amb un crono de 3:30:32 per davant de la brit\u00e0nica Sian Marker (3:38:49) i de l&#8217;alemanya Lara-Marie Schreiner (4:02:39). La campiona va forjar la seva vict\u00f2ria en l&#8217;aigua i la va consolidar sobre la bicicleta. Posteriorment, va gestionar la seva renda en la carrera a peu per a certificar la seva vict\u00f2ria.<\/p>\n\n\n\n<div class=\"wp-block-uagb-advanced-heading uagb-block-1138c91e\"><h2 class=\"uagb-heading-text\"><strong>TORRES I BORN S&#8217;IMPOSEN EN DIST\u00c0NCIA OL\u00cdMPICA<\/strong><\/h2><\/div>\n\n\n\n<p>La dist\u00e0ncia Ol\u00edmpica va coronar com a guanyadors a Iv\u00e1n Torres i Julia Born. En la prova masculina, el jove Torres (2:04:11) vencia la prova per davant de Jos\u00e9 Gonz\u00e1lez (2:04:35) i d&#8217;un altre home de la generaci\u00f3 del 2006 com Roberto Almansa (2:05:55). En categoria femenina, Julia Born (2:36:22) remuntava sobre les dues rodes per a depassar a Noem\u00ed Font (2:42:27) i al\u00e7ar-se amb la vict\u00f2ria. La tercera posici\u00f3 ha estat per a Neus Payeras (2:46:17).<\/p>\n\n\n\n<div class=\"wp-block-uagb-advanced-heading uagb-block-4bc531de\"><h2 class=\"uagb-heading-text\"><strong>RUSSO I VERILHAC TRIOMFEN EN DIST\u00c0NCIA SMALL<\/strong><\/h2><\/div>\n\n\n\n<p>L&#8217;el\u00e8ctrica dist\u00e0ncia Small ha deixat els triomfs de Javier Russo i Esther Verilhac. El primer anava de menys a m\u00e9s per a segellar la seva vict\u00f2ria en un temps de 1:21:53 per davant de Gabriel Tom\u00e0s (1:25:14) i de Ricardo Ho (1:25:20). En categoria femenina, la nataci\u00f3 permetia brillar a nivell global a dos de les seves dones. D&#8217;una banda, a Ana Mart\u00ednez qui signava el millor 500m de la jornada, per un altre, a la pr\u00f2pia Verilhac que ho feia en tercera posici\u00f3 en un TOP3 en el qual nom\u00e9s va quedar intercalat el propi Tom\u00e1s. Despr\u00e9s d&#8217;aix\u00f2, Verilhac va forjar el seu triomf sobre les dues rodes i finalment es va al\u00e7ar amb l&#8217;or amb un temps de 1:33:43. Ana Mart\u00ednez (1:37:50) i Blanca Company (1:41:02) la van escortar en el podi femen\u00ed.<\/p>\n\n\n\n<div class=\"wp-block-uagb-advanced-heading uagb-block-32326f2c\"><h2 class=\"uagb-heading-text\"><strong>JOAN NADAL HOMENATJAT<\/strong><\/h2><\/div>\n\n\n\n<p>L&#8217;esdeveniment organitzat per Triman amb el suport de l&#8217;Ajuntament de Santany\u00ed, aix\u00ed com el de la Fundaci\u00f3 Turisme Responsable de Mallorca i Turisme illes Balears ha homenatjat a Joan Nadal, el triatleta amb m\u00e9s vict\u00f2ries en Totaltri Mallorca. Un reconeixement que arriba despr\u00e9s que l&#8217;hist\u00f2ric esportista es vei\u00e9s obligat a deixar la pr\u00e0ctica esportiva fa dos anys a causa d&#8217;una lesi\u00f3.<\/p>\n\n\n\n<div class=\"wp-block-uagb-advanced-heading uagb-block-bb819cf8\"><h2 class=\"uagb-heading-text\"><strong>CREIXEMENT I SATISFACCI\u00d3 ENTRE L&#8217;ORGANITZACI\u00d3<\/strong><\/h2><\/div>\n\n\n\n<p>L&#8217;organitzaci\u00f3 festeja l&#8217;\u00e8xit d&#8217;una edici\u00f3 que ha estrenat amb encert la seva data primaveral en el calendari i en la qual va esgotar tots les seves dorsals setmanes abans de la seva celebraci\u00f3. A m\u00e9s, Totaltri Mallorca s&#8217;ha consolidat com a referent internacional amb una participaci\u00f3 que el seu 31% dels inscrits ha procedit de pa\u00efsos estrangers i l&#8217;esdeveniment tamb\u00e9 ha confirmat el creixement de la pres\u00e8ncia femenina, que en 2026 s&#8217;ha elevat fins al 23%.<\/p>\n","protected":false},"excerpt":{"rendered":"<p>L\u2019event mallorqu\u00ed ha donat el tret de sortida als triatlons populars europeus en una jornada on Joan Nadal ha estat homenatjat.<\/p>\n","protected":false},"author":1,"featured_media":6596,"comment_status":"closed","ping_status":"open","sticky":false,"template":"","format":"standard","meta":{"_uag_custom_page_level_css":"","footnotes":""},"categories":[28,1,37],"tags":[128],"class_list":["post-6595","post","type-post","status-publish","format-standard","has-post-thumbnail","hentry","category-competiciones","category-general","category-latest-news","tag-totaltri-mallorca"],"uagb_featured_image_src":{"full":["https:\/\/fetrib.com\/web\/wp-content\/uploads\/2026\/03\/658680912_1696018521761023_8648601733031435050_n.jpg",2088,1392,false],"thumbnail":["https:\/\/fetrib.com\/web\/wp-content\/uploads\/2026\/03\/658680912_1696018521761023_8648601733031435050_n-150x150.jpg",150,150,true],"medium":["https:\/\/fetrib.com\/web\/wp-content\/uploads\/2026\/03\/658680912_1696018521761023_8648601733031435050_n-300x200.jpg",300,200,true],"medium_large":["https:\/\/fetrib.com\/web\/wp-content\/uploads\/2026\/03\/658680912_1696018521761023_8648601733031435050_n-768x512.jpg",620,413,true],"large":["https:\/\/fetrib.com\/web\/wp-content\/uploads\/2026\/03\/658680912_1696018521761023_8648601733031435050_n-1024x683.jpg",620,414,true],"1536x1536":["https:\/\/fetrib.com\/web\/wp-content\/uploads\/2026\/03\/658680912_1696018521761023_8648601733031435050_n-1536x1024.jpg",1536,1024,true],"2048x2048":["https:\/\/fetrib.com\/web\/wp-content\/uploads\/2026\/03\/658680912_1696018521761023_8648601733031435050_n-2048x1365.jpg",2048,1365,true],"tie-small":["https:\/\/fetrib.com\/web\/wp-content\/uploads\/2026\/03\/658680912_1696018521761023_8648601733031435050_n-70x70.jpg",70,70,true],"tie-large":["https:\/\/fetrib.com\/web\/wp-content\/uploads\/2026\/03\/658680912_1696018521761023_8648601733031435050_n-300x160.jpg",300,160,true],"slider":["https:\/\/fetrib.com\/web\/wp-content\/uploads\/2026\/03\/658680912_1696018521761023_8648601733031435050_n-620x330.jpg",620,330,true]},"uagb_author_info":{"display_name":"admin","author_link":"https:\/\/fetrib.com\/web\/author\/admin\/"},"uagb_comment_info":0,"uagb_excerpt":"L\u2019event mallorqu\u00ed ha donat el tret de sortida als triatlons populars europeus en una jornada on Joan Nadal ha estat homenatjat.","_links":{"self":[{"href":"https:\/\/fetrib.com\/web\/wp-json\/wp\/v2\/posts\/6595","targetHints":{"allow":["GET"]}}],"collection":[{"href":"https:\/\/fetrib.com\/web\/wp-json\/wp\/v2\/posts"}],"about":[{"href":"https:\/\/fetrib.com\/web\/wp-json\/wp\/v2\/types\/post"}],"author":[{"embeddable":true,"href":"https:\/\/fetrib.com\/web\/wp-json\/wp\/v2\/users\/1"}],"replies":[{"embeddable":true,"href":"https:\/\/fetrib.com\/web\/wp-json\/wp\/v2\/comments?post=6595"}],"version-history":[{"count":1,"href":"https:\/\/fetrib.com\/web\/wp-json\/wp\/v2\/posts\/6595\/revisions"}],"predecessor-version":[{"id":6597,"href":"https:\/\/fetrib.com\/web\/wp-json\/wp\/v2\/posts\/6595\/revisions\/6597"}],"wp:featuredmedia":[{"embeddable":true,"href":"https:\/\/fetrib.com\/web\/wp-json\/wp\/v2\/media\/6596"}],"wp:attachment":[{"href":"https:\/\/fetrib.com\/web\/wp-json\/wp\/v2\/media?parent=6595"}],"wp:term":[{"taxonomy":"category","embeddable":true,"href":"https:\/\/fetrib.com\/web\/wp-json\/wp\/v2\/categories?post=6595"},{"taxonomy":"post_tag","embeddable":true,"href":"https:\/\/fetrib.com\/web\/wp-json\/wp\/v2\/tags?post=6595"}],"curies":[{"name":"wp","href":"https:\/\/api.w.org\/{rel}","templated":true}]}}