{"id":6602,"date":"2026-04-30T16:25:31","date_gmt":"2026-04-30T16:25:31","guid":{"rendered":"https:\/\/fetrib.com\/web\/?p=6602"},"modified":"2026-04-30T16:25:32","modified_gmt":"2026-04-30T16:25:32","slug":"alejandro-sanchez-palomero-anuncia-la-seva-retirada-professional","status":"publish","type":"post","link":"https:\/\/fetrib.com\/web\/2026\/04\/30\/alejandro-sanchez-palomero-anuncia-la-seva-retirada-professional\/","title":{"rendered":"Alejandro S\u00e1nchez Palomero anuncia la seva retirada professional"},"content":{"rendered":"\n<p>Alejandro S\u00e1nchez Palomero ha anunciat la seva retirada de l&#8217;esport d&#8217;elit aquest dijous 30 d&#8217;abril en un acte celebrat en el Vel\u00f2drom Illes Balears, tancant aix\u00ed una traject\u00f2ria exemplar dins del m\u00f3n de l&#8217;esport adaptat en la qual ha conquistat dues medalles paraol\u00edmpicas, participat en quatre Jocs Paral\u00edmpics i sumat m\u00faltiples medalles mundials i continentals en dues diciplinas diferents.<\/p>\n\n\n\n<p>Nascut a Salamanca, S\u00e1nchez Palomero (1986) posa punt i final als seus 40 anys a una carrera dins de l&#8217;esport adaptat de gaireb\u00e9 dues d\u00e8cades dins de l&#8217;alt rendiment i que va iniciar als disset anys despr\u00e9s d&#8217;haver perdut la mobilitat i la sensibilitat del seu bra\u00e7 dret a conseq\u00fc\u00e8ncia d&#8217;un accident amb moto. Va ser en 2007 quan el paratriatleta va decidir traslladar-se a Palma \u2013 lloc en el qual actualment continua residint \u2013 i apostar per una vida dedicada a l&#8217;esport professional.<\/p>\n\n\n\n<p>Una carrera que va comen\u00e7ar en el m\u00f3n de la nataci\u00f3 i que en 2008 li va reportar el seu primer \u00e8xit ol\u00edmpic en Jocs Paral\u00edmpics de Pequ\u00edn, on va aconseguir la medalla de bronze en els 100 metres bra\u00e7a. Despr\u00e9s dels seus segons Jocs Paral\u00edmpics com a esportista, a Londres 2012, va decidir posar fi a la seva etapa com a nedador, en el palmar\u00e8s del qual tamb\u00e9 quedaran les seves medalles en campionats del M\u00f3n i d&#8217;Europa.<\/p>\n\n\n\n<p>Immediatament despr\u00e9s, en 2014 S\u00e1nchez Palomero va fer el salt al triatl\u00f3 paral\u00edmpic on el mallorqu\u00ed d&#8217;adopci\u00f3 es va convertir r\u00e0pidament en un referent internacional en categoria PTS4. En ell ha aconseguit tres subcampionats mundials (2015, 2016 i 2018), un bronze mundial en 2019 i s&#8217;ha coronat en dues ocasions subcampi\u00f3 europeu (2015, 2016); a m\u00e9s d&#8217;encadenar desenes de podis i vict\u00f2ries en les S\u00e8ries Mundials i Copes del M\u00f3n, el darrer una plata en la Copa Mundial de Triatl\u00f3 Per a Tata 2025. No obstant aix\u00f2, l&#8217;altra gran jornada de gl\u00f2ria en el seu cam\u00ed arribaria en els Jocs Paral\u00edmpics de T\u00f2quio en 2021 on es va fer amb el bronze en categoria PTS4. La clausura del seu periple ol\u00edmpic arrib\u00e0 en els Jocs Paral\u00edmpics de Par\u00eds 2024 amb una desena posici\u00f3 carregada de valor despr\u00e9s de superar un per\u00edode marcat per les lesions.<\/p>\n\n\n\n<p>Al llarg dels anys, S\u00e1nchez Palomero no sols ha acumulat \u00e8xits esportius, sin\u00f3 tamb\u00e9 reconeixements i en 2024 va ser condecorat amb la Medalla d&#8217;or de les Corts de Castella i Lle\u00f3, mentre que fa a penes unes setmanes la Federaci\u00f3 Espanyola de Triatl\u00f3 (FETRI) li va distingir amb la ins\u00edgnia d&#8217;or en la seva Gala anual.<\/p>\n\n\n\n<p>La Federaci\u00f3 de Triatl\u00f3 dels Illes Balears (FETRIB) vol expressar el seu m\u00e9s profund agra\u00efment a Alejandro S\u00e1nchez Palomero per la seva entrega, el seu comprom\u00eds i la seva contribuci\u00f3 decisiva a aquest esport. La seva hist\u00f2ria, el seu exemple i el seu llegat romandran per sempre com una inspiraci\u00f3 per a les futures generacions.<\/p>\n\n\n\n<p><\/p>\n","protected":false},"excerpt":{"rendered":"<p>Alejandro S\u00e1nchez Palomero ha anunciat la seva retirada de l&#8217;esport d&#8217;elit aquest dijous 30 d&#8217;abril en un acte celebrat en el Vel\u00f2drom Illes Balears, tancant aix\u00ed una traject\u00f2ria exemplar dins del m\u00f3n de l&#8217;esport adaptat en la qual ha conquistat dues medalles paraol\u00edmpicas, participat en quatre Jocs Paral\u00edmpics i sumat m\u00faltiples medalles mundials i continentals &#8230;<\/p>\n","protected":false},"author":1,"featured_media":6603,"comment_status":"closed","ping_status":"open","sticky":false,"template":"","format":"standard","meta":{"_uag_custom_page_level_css":"","footnotes":""},"categories":[1,37,46],"tags":[134],"class_list":["post-6602","post","type-post","status-publish","format-standard","has-post-thumbnail","hentry","category-general","category-latest-news","category-triatlo","tag-alejandro-sanchez-palomero"],"uagb_featured_image_src":{"full":["https:\/\/fetrib.com\/web\/wp-content\/uploads\/2026\/04\/Alejandro-Sanchez-Palomero-anuncia-la-seva-retirada-professional.jpg",2000,1126,false],"thumbnail":["https:\/\/fetrib.com\/web\/wp-content\/uploads\/2026\/04\/Alejandro-Sanchez-Palomero-anuncia-la-seva-retirada-professional-150x150.jpg",150,150,true],"medium":["https:\/\/fetrib.com\/web\/wp-content\/uploads\/2026\/04\/Alejandro-Sanchez-Palomero-anuncia-la-seva-retirada-professional-300x169.jpg",300,169,true],"medium_large":["https:\/\/fetrib.com\/web\/wp-content\/uploads\/2026\/04\/Alejandro-Sanchez-Palomero-anuncia-la-seva-retirada-professional-768x432.jpg",620,349,true],"large":["https:\/\/fetrib.com\/web\/wp-content\/uploads\/2026\/04\/Alejandro-Sanchez-Palomero-anuncia-la-seva-retirada-professional-1024x577.jpg",620,349,true],"1536x1536":["https:\/\/fetrib.com\/web\/wp-content\/uploads\/2026\/04\/Alejandro-Sanchez-Palomero-anuncia-la-seva-retirada-professional-1536x865.jpg",1536,865,true],"2048x2048":["https:\/\/fetrib.com\/web\/wp-content\/uploads\/2026\/04\/Alejandro-Sanchez-Palomero-anuncia-la-seva-retirada-professional.jpg",2000,1126,false],"tie-small":["https:\/\/fetrib.com\/web\/wp-content\/uploads\/2026\/04\/Alejandro-Sanchez-Palomero-anuncia-la-seva-retirada-professional-70x70.jpg",70,70,true],"tie-large":["https:\/\/fetrib.com\/web\/wp-content\/uploads\/2026\/04\/Alejandro-Sanchez-Palomero-anuncia-la-seva-retirada-professional-300x160.jpg",300,160,true],"slider":["https:\/\/fetrib.com\/web\/wp-content\/uploads\/2026\/04\/Alejandro-Sanchez-Palomero-anuncia-la-seva-retirada-professional-620x330.jpg",620,330,true]},"uagb_author_info":{"display_name":"admin","author_link":"https:\/\/fetrib.com\/web\/author\/admin\/"},"uagb_comment_info":0,"uagb_excerpt":"Alejandro S\u00e1nchez Palomero ha anunciat la seva retirada de l&#8217;esport d&#8217;elit aquest dijous 30 d&#8217;abril en un acte celebrat en el Vel\u00f2drom Illes Balears, tancant aix\u00ed una traject\u00f2ria exemplar dins del m\u00f3n de l&#8217;esport adaptat en la qual ha conquistat dues medalles paraol\u00edmpicas, participat en quatre Jocs Paral\u00edmpics i sumat m\u00faltiples medalles mundials i continentals&hellip;","_links":{"self":[{"href":"https:\/\/fetrib.com\/web\/wp-json\/wp\/v2\/posts\/6602","targetHints":{"allow":["GET"]}}],"collection":[{"href":"https:\/\/fetrib.com\/web\/wp-json\/wp\/v2\/posts"}],"about":[{"href":"https:\/\/fetrib.com\/web\/wp-json\/wp\/v2\/types\/post"}],"author":[{"embeddable":true,"href":"https:\/\/fetrib.com\/web\/wp-json\/wp\/v2\/users\/1"}],"replies":[{"embeddable":true,"href":"https:\/\/fetrib.com\/web\/wp-json\/wp\/v2\/comments?post=6602"}],"version-history":[{"count":1,"href":"https:\/\/fetrib.com\/web\/wp-json\/wp\/v2\/posts\/6602\/revisions"}],"predecessor-version":[{"id":6604,"href":"https:\/\/fetrib.com\/web\/wp-json\/wp\/v2\/posts\/6602\/revisions\/6604"}],"wp:featuredmedia":[{"embeddable":true,"href":"https:\/\/fetrib.com\/web\/wp-json\/wp\/v2\/media\/6603"}],"wp:attachment":[{"href":"https:\/\/fetrib.com\/web\/wp-json\/wp\/v2\/media?parent=6602"}],"wp:term":[{"taxonomy":"category","embeddable":true,"href":"https:\/\/fetrib.com\/web\/wp-json\/wp\/v2\/categories?post=6602"},{"taxonomy":"post_tag","embeddable":true,"href":"https:\/\/fetrib.com\/web\/wp-json\/wp\/v2\/tags?post=6602"}],"curies":[{"name":"wp","href":"https:\/\/api.w.org\/{rel}","templated":true}]}}