{"id":674,"date":"2016-03-30T08:12:49","date_gmt":"2016-03-30T08:12:49","guid":{"rendered":"http:\/\/www.fetrib.com\/web2018\/uncategorised\/curs-entrenador-de-triatlo-n1\/"},"modified":"2016-03-30T08:12:49","modified_gmt":"2016-03-30T08:12:49","slug":"curs-entrenador-de-triatlo-n1","status":"publish","type":"post","link":"https:\/\/fetrib.com\/web\/2016\/03\/30\/curs-entrenador-de-triatlo-n1\/","title":{"rendered":"Curs entrenador de triatl\u00f3 N1"},"content":{"rendered":"<p style=\"text-align: justify;\"><img loading=\"lazy\" decoding=\"async\" class=\" size-full wp-image-420\" src=\"http:\/\/fetrib.com\/web\/wp-content\/uploads\/2014\/02\/logo-fetrib-web.jpg\" border=\"0\" alt=\"\" style=\"display: block; margin-left: auto; margin-right: auto;\" width=\"196\" height=\"168\" \/><\/p>\n<p style=\"text-align: justify;\">\u00a0<\/p>\n<p class=\"MsoNoSpacing\" style=\"margin-bottom: 6pt; text-align: justify;\"><span style=\"font-family: Arial; mso-bidi-font-family: Arial;\" lang=\"CA\">La Federaci\u00f3 Balear de Triatl\u00f3, a trav\u00e9s del seu Departament de Formaci\u00f3,<span style=\"mso-spacerun: yes;\">\u00a0 <\/span>i conjuntament amb la Fundaci\u00f3 Balear de l\u2019Esport organitza durant l&#8217;any 2016\/17 el curs oficial d&#8217;Entrenador Nacional de Triatl\u00f3 Nivell I, regulat d&#8217;acord als requisits generals i els efectes de formacions esportives que marca l\u2019Ordre EDU \/ 3186\/2010, de 7 de desembre, per la qual es regulen els aspectes curriculars, els requisits generals i els efectes de les activitats de formaci\u00f3 esportiva, als quals es refereix la disposici\u00f3 transit\u00f2ria primera del Reial Decret 1363\/2007, de 24 d&#8217;octubre. La titulaci\u00f3 d&#8217;Entrenador Nacional de Triatl\u00f3 Nivell I est\u00e0 dirigit a aquells t\u00e8cnics que s&#8217;inici\u00efn en l&#8217;ensenyament de la t\u00e8cnica i la t\u00e0ctica d&#8217;aquest esport, aix\u00ed com la de dirigir i programar entrenaments a clubs i escoles, a nivell d&#8217;iniciaci\u00f3 esportiva. La qualitat i experi\u00e8ncia professional dels professors que imparteixen els ensenyaments fan possible un alt grau d&#8217;aprenentatge te\u00f2ric i pr\u00e0ctic.<\/span><\/p>\n<p class=\"MsoNoSpacing\" style=\"margin-bottom: 6.0pt;\"><strong><span style=\"font-family: Arial; mso-bidi-font-family: Arial;\" lang=\"CA\">Data d\u2019inici del curs:<\/span><\/strong><span style=\"font-family: Arial; mso-bidi-font-family: Arial;\" lang=\"CA\"> 20\/05\/2016<\/span><\/p>\n<p class=\"MsoNoSpacing\" style=\"margin-bottom: 6.0pt;\"><strong><span style=\"font-family: Arial; mso-bidi-font-family: Arial;\" lang=\"CA\">Data de finalitzaci\u00f3 del curs:<\/span><\/strong><span style=\"font-family: Arial; mso-bidi-font-family: Arial;\" lang=\"CA\"> 30\/09\/2017 (inclou un any per a la realitzaci\u00f3 de les 150h de pr\u00e0ctiques)<\/span><\/p>\n<p class=\"MsoNoSpacing\" style=\"margin-bottom: 6.0pt;\"><strong><span style=\"font-family: Arial; mso-bidi-font-family: Arial;\" lang=\"CA\">R\u00e8gim de doc\u00e8ncia: <\/span><\/strong><span style=\"font-family: Arial; mso-bidi-font-family: Arial;\" lang=\"CA\">semipresencial i presencial.<\/span><\/p>\n<p class=\"MsoNoSpacing\" style=\"margin-bottom: 6.0pt;\"><strong><span style=\"font-family: Arial; mso-bidi-font-family: Arial;\" lang=\"CA\">Instal\u00b7lacions: <\/span><\/strong><span style=\"font-family: Arial; mso-bidi-font-family: Arial; mso-ansi-language: CA;\" lang=\"CA\">Poliesportiu Pr\u00ednceps d\u2019Espanya.<\/span><\/p>\n<p class=\"MsoNoSpacing\" style=\"margin-bottom: 6.0pt;\"><span style=\"font-family: Arial; mso-bidi-font-family: Arial; mso-ansi-language: CA;\" lang=\"CA\">N\u00famero m\u00ednim d\u2019inscrits per a dur a terme la realitzaci\u00f3 del curs ser\u00e0 de 20.<\/span><\/p>\n<p><span style=\"font-family: Arial; mso-bidi-font-family: Arial; mso-ansi-language: CA;\" lang=\"CA\">M\u00e9s informaci\u00f3 <a href=\"http:\/\/fetrib.com\/web\/wp-content\/uploads\/2016\/03\/Curs-Entrenador-N1.pdf\">aqu\u00ed<\/a><\/span> <\/p>\n","protected":false},"excerpt":{"rendered":"<p>\u00a0 La Federaci\u00f3 Balear de Triatl\u00f3, a trav\u00e9s del seu Departament de Formaci\u00f3,\u00a0 i conjuntament amb la Fundaci\u00f3 Balear de l\u2019Esport organitza durant l&#8217;any 2016\/17 el curs oficial d&#8217;Entrenador Nacional de Triatl\u00f3 Nivell I, regulat d&#8217;acord als requisits generals i els efectes de formacions esportives que marca l\u2019Ordre EDU \/ 3186\/2010, de 7 de desembre, &#8230;<\/p>\n","protected":false},"author":1,"featured_media":420,"comment_status":"open","ping_status":"open","sticky":false,"template":"","format":"standard","meta":{"_uag_custom_page_level_css":"","footnotes":""},"categories":[46],"tags":[],"class_list":["post-674","post","type-post","status-publish","format-standard","has-post-thumbnail","hentry","category-triatlo"],"uagb_featured_image_src":{"full":["https:\/\/fetrib.com\/web\/wp-content\/uploads\/2014\/02\/logo-fetrib-web.jpg",196,168,false],"thumbnail":["https:\/\/fetrib.com\/web\/wp-content\/uploads\/2014\/02\/logo-fetrib-web-150x150.jpg",150,150,true],"medium":["https:\/\/fetrib.com\/web\/wp-content\/uploads\/2014\/02\/logo-fetrib-web.jpg",196,168,false],"medium_large":["https:\/\/fetrib.com\/web\/wp-content\/uploads\/2014\/02\/logo-fetrib-web.jpg",196,168,false],"large":["https:\/\/fetrib.com\/web\/wp-content\/uploads\/2014\/02\/logo-fetrib-web.jpg",196,168,false],"1536x1536":["https:\/\/fetrib.com\/web\/wp-content\/uploads\/2014\/02\/logo-fetrib-web.jpg",196,168,false],"2048x2048":["https:\/\/fetrib.com\/web\/wp-content\/uploads\/2014\/02\/logo-fetrib-web.jpg",196,168,false],"tie-small":["https:\/\/fetrib.com\/web\/wp-content\/uploads\/2014\/02\/logo-fetrib-web-70x70.jpg",70,70,true],"tie-large":["https:\/\/fetrib.com\/web\/wp-content\/uploads\/2014\/02\/logo-fetrib-web-196x160.jpg",196,160,true],"slider":["https:\/\/fetrib.com\/web\/wp-content\/uploads\/2014\/02\/logo-fetrib-web.jpg",196,168,false]},"uagb_author_info":{"display_name":"admin","author_link":"https:\/\/fetrib.com\/web\/author\/admin\/"},"uagb_comment_info":0,"uagb_excerpt":"\u00a0 La Federaci\u00f3 Balear de Triatl\u00f3, a trav\u00e9s del seu Departament de Formaci\u00f3,\u00a0 i conjuntament amb la Fundaci\u00f3 Balear de l\u2019Esport organitza durant l&#8217;any 2016\/17 el curs oficial d&#8217;Entrenador Nacional de Triatl\u00f3 Nivell I, regulat d&#8217;acord als requisits generals i els efectes de formacions esportives que marca l\u2019Ordre EDU \/ 3186\/2010, de 7 de desembre,&hellip;","_links":{"self":[{"href":"https:\/\/fetrib.com\/web\/wp-json\/wp\/v2\/posts\/674","targetHints":{"allow":["GET"]}}],"collection":[{"href":"https:\/\/fetrib.com\/web\/wp-json\/wp\/v2\/posts"}],"about":[{"href":"https:\/\/fetrib.com\/web\/wp-json\/wp\/v2\/types\/post"}],"author":[{"embeddable":true,"href":"https:\/\/fetrib.com\/web\/wp-json\/wp\/v2\/users\/1"}],"replies":[{"embeddable":true,"href":"https:\/\/fetrib.com\/web\/wp-json\/wp\/v2\/comments?post=674"}],"version-history":[{"count":0,"href":"https:\/\/fetrib.com\/web\/wp-json\/wp\/v2\/posts\/674\/revisions"}],"wp:featuredmedia":[{"embeddable":true,"href":"https:\/\/fetrib.com\/web\/wp-json\/wp\/v2\/media\/420"}],"wp:attachment":[{"href":"https:\/\/fetrib.com\/web\/wp-json\/wp\/v2\/media?parent=674"}],"wp:term":[{"taxonomy":"category","embeddable":true,"href":"https:\/\/fetrib.com\/web\/wp-json\/wp\/v2\/categories?post=674"},{"taxonomy":"post_tag","embeddable":true,"href":"https:\/\/fetrib.com\/web\/wp-json\/wp\/v2\/tags?post=674"}],"curies":[{"name":"wp","href":"https:\/\/api.w.org\/{rel}","templated":true}]}}