{"id":683,"date":"2016-05-18T07:18:08","date_gmt":"2016-05-18T07:18:08","guid":{"rendered":"http:\/\/www.fetrib.com\/web2018\/news\/latest-news\/convocatoria-seleccio-balear-jocs-coji\/"},"modified":"2016-05-18T07:18:08","modified_gmt":"2016-05-18T07:18:08","slug":"convocatoria-seleccio-balear-jocs-coji","status":"publish","type":"post","link":"https:\/\/fetrib.com\/web\/2016\/05\/18\/convocatoria-seleccio-balear-jocs-coji\/","title":{"rendered":"Convocat\u00f2ria selecci\u00f3 Balear Jocs COJI"},"content":{"rendered":"<p><span><span style=\"font-family: Times New Roman,serif;\"><span style=\"font-size: small;\"><span lang=\"ca-ES\">El proper dissabte 28 de maig es disputa la prova de triatl\u00f3 dels Jocs COJI. La prova es disputar\u00e0 al Port de S\u00f3ller amb format de competici\u00f3 super sprint per relleu mixt, amb equips de dos esportistes masculins i 2 femenins. <\/span><\/span><\/span><\/span><\/p>\n<p><span><span style=\"font-family: Times New Roman,serif;\"><span style=\"font-size: small;\"><span lang=\"ca-ES\">El reglament d\u2019aquests jocs entre arxip\u00e8lags preveu que la prova de triatl\u00f3 sigui disputada per esportistes categoria cadet. Aquesta es la primera edici\u00f3 dels jocs en que es disputa la modalitat de triatl\u00f3 i com a mesura excepcional es permet que els esportistes tinguin qualsevol edat. Des de la FETRIB volem apostar per a que siguin els joves esportistes els que disputin la prova.<\/span><\/span><\/span><\/span><\/p>\n<p>  <!--more-->  <\/p>\n<p>\u00a0<\/p>\n<p style=\"margin-bottom: 0cm; background: #ffffff; line-height: 0.48cm;\"><span style=\"color: #333333;\"><span style=\"font-family: Times New Roman,serif;\"><span style=\"font-size: small;\"><span lang=\"ca-ES\">A Balears tenim una bona base amb quantitat d\u2019esportistes de bon nivell pel que les Illes Balears presentar\u00e0 2 equips. El criteri b\u00e0sic de selecci\u00f3 per l\u2019equip 1 ha estat per ordre de classificaci\u00f3 del campionat d\u2019Espanya disputat a Altafulla. L\u2019equip 2 ha estat creat a criteri t\u00e8cnic.<\/span><\/span><\/span><\/span><\/p>\n<p><span style=\"font-size: small;\"><span style=\"color: #333333;\"><span style=\"font-family: Times New Roman,serif;\"><span lang=\"ca-ES\">EQUIP 1<\/span><\/span><\/span><\/span><\/p>\n<p><span style=\"color: #333333;\"><span style=\"font-family: Times New Roman,serif;\"><span lang=\"ca-ES\">Carlos Oliver Vives Ferrer Hotels \u2013 M3T<\/span><\/span><\/span><\/p>\n<p><span style=\"color: #333333;\"><span style=\"font-family: Times New Roman,serif;\"><span lang=\"ca-ES\">Josep Pages Preus XTREM Calvi\u00e0<\/span><\/span><\/span><\/p>\n<p><span style=\"color: #333333;\"><span style=\"font-family: Times New Roman,serif;\"><span lang=\"ca-ES\">Paula Maria Oliver Vives Ferrer Hotels \u2013 M3T<\/span><\/span><\/span><\/p>\n<p><span style=\"color: #333333;\"><span style=\"font-family: Times New Roman,serif;\"><span lang=\"ca-ES\">Andrea Tomas Morcillo A.E. Entrenamientoglobal.net<\/span><\/span><\/span>\u00a0<\/p>\n<p>\u00a0<\/p>\n<p>EQUIP 2<\/p>\n<p><span style=\"color: #333333;\"><span style=\"font-family: Times New Roman,serif;\"><span lang=\"ca-ES\">Miquel Riusech Cardona Duet Ciclismoenmallorca<\/span><\/span><\/span><\/p>\n<p><span style=\"color: #333333;\"><span style=\"font-family: Times New Roman,serif;\"><span lang=\"ca-ES\">Pau Ram\u00f3n Vera CC Andratx Triatl\u00f3n<\/span><\/span><\/span><\/p>\n<p><span style=\"color: #333333;\"><span style=\"font-family: Times New Roman,serif;\"><span lang=\"ca-ES\">Sof\u00eda Hamad Serra Duet Ciclismoenmallorca<\/span><\/span><\/span><\/p>\n<p><span style=\"color: #333333;\"><span style=\"font-family: Times New Roman,serif;\"><span lang=\"ca-ES\">Laia Riudaveds Victory Ferrer Hotels \u2013 M3T<\/span><\/span><\/span><\/p>\n<p><span style=\"color: #333333;\"><span style=\"font-family: Times New Roman,serif;\"><span lang=\"ca-ES\">\u00a0<\/span><\/span><\/span><\/p>\n<p><span style=\"color: #333333;\"><span style=\"font-family: Times New Roman,serif;\"><span lang=\"ca-ES\">SUPLENTS<br \/><\/span><\/span><\/span><\/p>\n<p><span style=\"color: #333333;\"><span style=\"font-family: Times New Roman,serif;\"><span lang=\"ca-ES\">Xavi C\u00f3rdoba\u00a0 <\/span><\/span><\/span><span style=\"color: #333333;\"><span style=\"font-family: Times New Roman,serif;\"><span lang=\"ca-ES\">Ferrer Hotels \u2013 M3T<\/span><\/span><\/span><\/p>\n<p><span style=\"color: #333333;\"><span style=\"font-family: Times New Roman,serif;\"><span lang=\"ca-ES\">Ana Soler\u00a0 <\/span><\/span><\/span><span style=\"color: #333333;\"><span style=\"font-family: Times New Roman,serif;\"><span lang=\"ca-ES\">XTREM Calvi\u00e0<\/span><\/span><\/span>\u00a0<\/p>\n<p><span style=\"font-size: small;\"><span style=\"color: #333333;\"><span style=\"font-family: Times New Roman,serif;\"><span lang=\"ca-ES\">En cas de que alg\u00fan esportista no pugui paticipar el suplent ocupar\u00e0 el seu lloc. Si alg\u00fan dels esportistes no pot participar es prega que ho comniqui en la major brevetat possible al correu dtecnica@fetrib.com o al 679917360.<\/span><\/span><\/span><\/span><\/p>\n<p>\u00a0<\/p>\n<p>\u00a0<\/p>\n<p><span style=\"font-size: small;\"><span style=\"color: #333333;\"><span style=\"font-family: Times New Roman,serif;\"><span lang=\"ca-ES\">\u00a0<\/span><\/span><\/span><\/span><\/p>\n<p><span style=\"font-size: small;\"><span style=\"color: #333333;\"><span style=\"font-family: Times New Roman,serif;\"><span lang=\"ca-ES\">\u00a0<\/span><\/span><\/span><\/span><\/p>\n<p>\u00a0<\/p>\n<p style=\"margin-bottom: 0cm; background: #ffffff; line-height: 0.48cm;\"><span style=\"color: #333333;\"><span style=\"font-family: Times New Roman,serif;\"><span style=\"font-size: small;\"><span lang=\"ca-ES\">\u00a0<\/span><\/span><\/span><\/span><\/p>\n","protected":false},"excerpt":{"rendered":"<p>El proper dissabte 28 de maig es disputa la prova de triatl\u00f3 dels Jocs COJI. La prova es disputar\u00e0 al Port de S\u00f3ller amb format de competici\u00f3 super sprint per relleu mixt, amb equips de dos esportistes masculins i 2 femenins. El reglament d\u2019aquests jocs entre arxip\u00e8lags preveu que la prova de triatl\u00f3 sigui disputada &#8230;<\/p>\n","protected":false},"author":1,"featured_media":0,"comment_status":"open","ping_status":"open","sticky":false,"template":"","format":"standard","meta":{"_uag_custom_page_level_css":"","footnotes":""},"categories":[37],"tags":[],"class_list":["post-683","post","type-post","status-publish","format-standard","hentry","category-latest-news"],"uagb_featured_image_src":{"full":false,"thumbnail":false,"medium":false,"medium_large":false,"large":false,"1536x1536":false,"2048x2048":false,"tie-small":false,"tie-large":false,"slider":false},"uagb_author_info":{"display_name":"admin","author_link":"https:\/\/fetrib.com\/web\/author\/admin\/"},"uagb_comment_info":0,"uagb_excerpt":"El proper dissabte 28 de maig es disputa la prova de triatl\u00f3 dels Jocs COJI. La prova es disputar\u00e0 al Port de S\u00f3ller amb format de competici\u00f3 super sprint per relleu mixt, amb equips de dos esportistes masculins i 2 femenins. El reglament d\u2019aquests jocs entre arxip\u00e8lags preveu que la prova de triatl\u00f3 sigui disputada&hellip;","_links":{"self":[{"href":"https:\/\/fetrib.com\/web\/wp-json\/wp\/v2\/posts\/683","targetHints":{"allow":["GET"]}}],"collection":[{"href":"https:\/\/fetrib.com\/web\/wp-json\/wp\/v2\/posts"}],"about":[{"href":"https:\/\/fetrib.com\/web\/wp-json\/wp\/v2\/types\/post"}],"author":[{"embeddable":true,"href":"https:\/\/fetrib.com\/web\/wp-json\/wp\/v2\/users\/1"}],"replies":[{"embeddable":true,"href":"https:\/\/fetrib.com\/web\/wp-json\/wp\/v2\/comments?post=683"}],"version-history":[{"count":0,"href":"https:\/\/fetrib.com\/web\/wp-json\/wp\/v2\/posts\/683\/revisions"}],"wp:attachment":[{"href":"https:\/\/fetrib.com\/web\/wp-json\/wp\/v2\/media?parent=683"}],"wp:term":[{"taxonomy":"category","embeddable":true,"href":"https:\/\/fetrib.com\/web\/wp-json\/wp\/v2\/categories?post=683"},{"taxonomy":"post_tag","embeddable":true,"href":"https:\/\/fetrib.com\/web\/wp-json\/wp\/v2\/tags?post=683"}],"curies":[{"name":"wp","href":"https:\/\/api.w.org\/{rel}","templated":true}]}}