{"id":684,"date":"2016-05-19T15:08:24","date_gmt":"2016-05-19T15:08:24","guid":{"rendered":"http:\/\/www.fetrib.com\/web2018\/news\/latest-news\/otro-fin-de-semana-historico-para-el-triatlon-balear\/"},"modified":"2016-05-19T15:08:24","modified_gmt":"2016-05-19T15:08:24","slug":"otro-fin-de-semana-historico-para-el-triatlon-balear","status":"publish","type":"post","link":"https:\/\/fetrib.com\/web\/2016\/05\/19\/otro-fin-de-semana-historico-para-el-triatlon-balear\/","title":{"rendered":"Otro fin de semana hist\u00f3rico para el Triatlon Balear"},"content":{"rendered":"<p class=\"MsoNormal\"><img loading=\"lazy\" decoding=\"async\" src=\"images\/noticies\/Oliver.jpg\" border=\"0\" alt=\"\" width=\"330\" height=\"238\" style=\"display: block; margin-left: auto; margin-right: auto;\" \/><\/p>\n<p class=\"MsoNormal\">El pasado fin de semana se disput\u00f3 en la localidad murciana de \u00c1guilas, el Campeonato de Espa\u00f1a de Triatl\u00f3n Sprint y el Campeonato de Espa\u00f1a de Acuatl\u00f3n, divididos en las dos jornadas del s\u00e1bado y domingo donde se bati\u00f3 otro record de representaci\u00f3n balear con medio centenar de participantes de las islas.<\/p>\n<p>  <!--more-->  <\/p>\n<p class=\"MsoNormal\">\u00a0<\/p>\n<p class=\"MsoNormal\"><img loading=\"lazy\" decoding=\"async\" src=\"images\/noticies\/Company.jpg\" border=\"0\" alt=\"\" width=\"356\" height=\"217\" style=\"display: block; margin-left: auto; margin-right: auto;\" \/><\/p>\n<p class=\"MsoNormal\"><strong><span style=\"text-decoration: underline;\">Campeonato de Espa\u00f1a Triatlon Sprint<\/span><\/strong><\/p>\n<p class=\"MsoNormal\">La representaci\u00f3n balear, en la prueba reina en categor\u00eda\u00a0 , los mejores fueron Xisca tous que finaliz\u00f3 15\u00ba en f\u00e9minas\u00a0 y\u00a0 Lucas Mola que finaliz\u00f3 18\u00ba, ambos en su temporada de estreno en la m\u00e1xima categor\u00eda.<\/p>\n<p class=\"MsoNormal\">Carlos Oliver fue el mejor cadete con un\u00a0 m\u00e1s que trabajado 4\u00ba puesto y reafirm\u00e1ndose entre los mejores del panorama nacional destacando\u00a0 tambi\u00e9n a Josep Pagues y Miquel Riusech 20\u00ba y 21\u00ba con casi 200 participantes en l\u00ednea de salida. En f\u00e9minas la mejor balear fue Paula Oliver 9\u00ba, donde tambi\u00e9n destacaron Andrea Tomas 14\u00ba y Sof\u00eda Hamad 19\u00ba siendo ambas de primer a\u00f1o y Laia Riudavet 21\u00ba. Biel Forteza se llevo el subcampeonato de Espa\u00f1a en su categor\u00eda\u00a0 25-29.<\/p>\n<p class=\"MsoNormal\">\u00a0<img loading=\"lazy\" decoding=\"async\" src=\"images\/noticies\/Tous.jpg\" border=\"0\" alt=\"\" width=\"211\" height=\"272\" style=\"display: block; margin-left: auto; margin-right: auto;\" \/><\/p>\n<p class=\"MsoNormal\">Resultados triatl\u00f3n<\/p>\n<p class=\"MsoNormal\">http:\/\/triatlon.org\/triweb\/index.php\/competiciones\/resultados-2016\/<\/p>\n<p class=\"MsoNormal\"><strong><span style=\"text-decoration: underline;\">Campeonato de Espa\u00f1a Acuatl\u00f3n<\/span><\/strong><\/p>\n<p class=\"MsoNormal\">En el Campeonato de Espa\u00f1a de Aquatl\u00f3n, meritoria tercera posici\u00f3n de la general absoluta para Xisca Tous destacando tambi\u00e9n el sub-campeonato de Gemma Llabr\u00e9s en su debut en una prueba nacional en categor\u00eda junior femenina. En chicos, Lucas Mola finaliz\u00f3 10\u00ba en \u00e9lites mientras que\u00a0 en la prueba de grupos de edad Biel Oliver venci\u00f3 la general y se proclam\u00f3 campe\u00f3n de Espa\u00f1a de Grupos de Edad, mientras que Irene Company venci\u00f3 en 25-29.<\/p>\n<p>http:\/\/triatlon.org\/triweb\/index.php\/competiciones\/resultados-2016\/<\/p>\n<p><img loading=\"lazy\" decoding=\"async\" src=\"images\/noticies\/llabres.jpg\" border=\"0\" alt=\"\" width=\"228\" height=\"345\" style=\"display: block; margin-left: auto; margin-right: auto;\" \/><\/p>\n","protected":false},"excerpt":{"rendered":"<p>El pasado fin de semana se disput\u00f3 en la localidad murciana de \u00c1guilas, el Campeonato de Espa\u00f1a de Triatl\u00f3n Sprint y el Campeonato de Espa\u00f1a de Acuatl\u00f3n, divididos en las dos jornadas del s\u00e1bado y domingo donde se bati\u00f3 otro record de representaci\u00f3n balear con medio centenar de participantes de las islas.<\/p>\n","protected":false},"author":1,"featured_media":0,"comment_status":"open","ping_status":"open","sticky":false,"template":"","format":"standard","meta":{"_uag_custom_page_level_css":"","footnotes":""},"categories":[37],"tags":[],"class_list":["post-684","post","type-post","status-publish","format-standard","hentry","category-latest-news"],"uagb_featured_image_src":{"full":false,"thumbnail":false,"medium":false,"medium_large":false,"large":false,"1536x1536":false,"2048x2048":false,"tie-small":false,"tie-large":false,"slider":false},"uagb_author_info":{"display_name":"admin","author_link":"https:\/\/fetrib.com\/web\/author\/admin\/"},"uagb_comment_info":0,"uagb_excerpt":"El pasado fin de semana se disput\u00f3 en la localidad murciana de \u00c1guilas, el Campeonato de Espa\u00f1a de Triatl\u00f3n Sprint y el Campeonato de Espa\u00f1a de Acuatl\u00f3n, divididos en las dos jornadas del s\u00e1bado y domingo donde se bati\u00f3 otro record de representaci\u00f3n balear con medio centenar de participantes de las islas.","_links":{"self":[{"href":"https:\/\/fetrib.com\/web\/wp-json\/wp\/v2\/posts\/684","targetHints":{"allow":["GET"]}}],"collection":[{"href":"https:\/\/fetrib.com\/web\/wp-json\/wp\/v2\/posts"}],"about":[{"href":"https:\/\/fetrib.com\/web\/wp-json\/wp\/v2\/types\/post"}],"author":[{"embeddable":true,"href":"https:\/\/fetrib.com\/web\/wp-json\/wp\/v2\/users\/1"}],"replies":[{"embeddable":true,"href":"https:\/\/fetrib.com\/web\/wp-json\/wp\/v2\/comments?post=684"}],"version-history":[{"count":0,"href":"https:\/\/fetrib.com\/web\/wp-json\/wp\/v2\/posts\/684\/revisions"}],"wp:attachment":[{"href":"https:\/\/fetrib.com\/web\/wp-json\/wp\/v2\/media?parent=684"}],"wp:term":[{"taxonomy":"category","embeddable":true,"href":"https:\/\/fetrib.com\/web\/wp-json\/wp\/v2\/categories?post=684"},{"taxonomy":"post_tag","embeddable":true,"href":"https:\/\/fetrib.com\/web\/wp-json\/wp\/v2\/tags?post=684"}],"curies":[{"name":"wp","href":"https:\/\/api.w.org\/{rel}","templated":true}]}}