{"id":686,"date":"2016-06-09T17:03:55","date_gmt":"2016-06-09T17:03:55","guid":{"rendered":"http:\/\/www.fetrib.com\/web2018\/news\/latest-news\/campionat-autonomies-escolar-2016\/"},"modified":"2016-06-09T17:03:55","modified_gmt":"2016-06-09T17:03:55","slug":"campionat-autonomies-escolar-2016","status":"publish","type":"post","link":"https:\/\/fetrib.com\/web\/2016\/06\/09\/campionat-autonomies-escolar-2016\/","title":{"rendered":"Campionat Autonomies escolar 2016"},"content":{"rendered":"<p><img loading=\"lazy\" decoding=\"async\" class=\" size-full wp-image-420\" src=\"http:\/\/fetrib.com\/web\/wp-content\/uploads\/2014\/02\/logo-fetrib-web.jpg\" border=\"0\" alt=\"\" width=\"196\" height=\"168\" \/><\/p>\n<p>Els propers 18 i 19 de juny es disputa el Campionat d\u2019Espanya Escolar per Autonomies a la localitat de Aguilar de Camp\u00f3o a Castella Lle\u00f3.<br \/> Els esportistes disputaran dues jornades de competici\u00f3.<\/p>\n<p>El dissabte realitzaran el triatl\u00f3 individual i el diumenge el triatl\u00f3 per relleus mixtes.<\/p>\n<p>Davant la suspensi\u00f3 del triatl\u00f3 Sassga Yacht d\u2019Es Castell, la FETRIB es veu obligada a escollir dos esportistes masculins i femenins a criteri t\u00e8cnic.<\/p>\n<p> Cadet mascul\u00ed<br \/> 1. Carlos Oliver Vives<span class=\"text_exposed_show\"><br \/> 2. Josep Pages Preus<br \/> 3. Miquel Riusech Cardona<br \/> 4. Pau Ramon Vera<\/span><\/p>\n<p><span class=\"text_exposed_show\"><br \/> Cadet femen\u00ed:<br \/> 1. Paula Oliver Vives<br \/> 2. Andrea Tomas Morcillo<br \/> 3. Sofia Hamad Serra<br \/> 4. Laia Riudavets Victory<\/span><\/p>\n<p><span class=\"text_exposed_show\"><br \/> Suplents:<br \/> \u2022 Xavi Cordoba Mart\u00ednez<br \/> \u2022 Ana Soler Guardia<\/span><\/p>\n<p><span style=\"mso-ansi-language: CA;\" lang=\"CA\">Es prega als esportistes seleccionats i als seus clubs que envi\u00efn urgentment una foto de carnet escanejada y fotocopia de DNI a <\/span><span lang=\"ES\"><a href=\"mailto:info@fetrib.com\"><span style=\"mso-ansi-language: CA;\" lang=\"CA\">info@fetrib.com<\/span><\/a><\/span><span style=\"mso-ansi-language: CA;\" lang=\"CA\">.<\/span> <\/p>\n<p class=\"MsoNormal\" style=\"margin-bottom: .0001pt; text-align: justify;\"><span style=\"mso-ansi-language: CA;\" lang=\"CA\">Es convoca una reuni\u00f3 informativa el dimecres 15 de juny a les 20:00 a la seu de la FETRIB del Palma Arena.<\/span><\/p>\n<p class=\"MsoNormal\" style=\"margin-bottom: .0001pt; text-align: justify;\"><span style=\"mso-ansi-language: CA;\" lang=\"CA\">En cas de que algun esportista no pugui participar el suplent ocupar\u00e0 el seu lloc. Si algun dels esportistes no pot participar es prega que ho comuniqui en la major brevetat possible al correu <\/span><span lang=\"ES\"><a href=\"mailto:dtecnica@fetrib.com\"><span style=\"mso-ansi-language: CA;\" lang=\"CA\">dtecnica@fetrib.com<\/span><\/a><\/span><span style=\"mso-ansi-language: CA;\" lang=\"CA\"> o al 679917360.<\/span><\/p>\n<p>\u00a0<\/p>\n","protected":false},"excerpt":{"rendered":"<p>Els propers 18 i 19 de juny es disputa el Campionat d\u2019Espanya Escolar per Autonomies a la localitat de Aguilar de Camp\u00f3o a Castella Lle\u00f3. Els esportistes disputaran dues jornades de competici\u00f3. El dissabte realitzaran el triatl\u00f3 individual i el diumenge el triatl\u00f3 per relleus mixtes. Davant la suspensi\u00f3 del triatl\u00f3 Sassga Yacht d\u2019Es Castell, &#8230;<\/p>\n","protected":false},"author":1,"featured_media":420,"comment_status":"open","ping_status":"open","sticky":false,"template":"","format":"standard","meta":{"_uag_custom_page_level_css":"","footnotes":""},"categories":[37],"tags":[],"class_list":["post-686","post","type-post","status-publish","format-standard","has-post-thumbnail","hentry","category-latest-news"],"uagb_featured_image_src":{"full":["https:\/\/fetrib.com\/web\/wp-content\/uploads\/2014\/02\/logo-fetrib-web.jpg",196,168,false],"thumbnail":["https:\/\/fetrib.com\/web\/wp-content\/uploads\/2014\/02\/logo-fetrib-web-150x150.jpg",150,150,true],"medium":["https:\/\/fetrib.com\/web\/wp-content\/uploads\/2014\/02\/logo-fetrib-web.jpg",196,168,false],"medium_large":["https:\/\/fetrib.com\/web\/wp-content\/uploads\/2014\/02\/logo-fetrib-web.jpg",196,168,false],"large":["https:\/\/fetrib.com\/web\/wp-content\/uploads\/2014\/02\/logo-fetrib-web.jpg",196,168,false],"1536x1536":["https:\/\/fetrib.com\/web\/wp-content\/uploads\/2014\/02\/logo-fetrib-web.jpg",196,168,false],"2048x2048":["https:\/\/fetrib.com\/web\/wp-content\/uploads\/2014\/02\/logo-fetrib-web.jpg",196,168,false],"tie-small":["https:\/\/fetrib.com\/web\/wp-content\/uploads\/2014\/02\/logo-fetrib-web-70x70.jpg",70,70,true],"tie-large":["https:\/\/fetrib.com\/web\/wp-content\/uploads\/2014\/02\/logo-fetrib-web-196x160.jpg",196,160,true],"slider":["https:\/\/fetrib.com\/web\/wp-content\/uploads\/2014\/02\/logo-fetrib-web.jpg",196,168,false]},"uagb_author_info":{"display_name":"admin","author_link":"https:\/\/fetrib.com\/web\/author\/admin\/"},"uagb_comment_info":0,"uagb_excerpt":"Els propers 18 i 19 de juny es disputa el Campionat d\u2019Espanya Escolar per Autonomies a la localitat de Aguilar de Camp\u00f3o a Castella Lle\u00f3. Els esportistes disputaran dues jornades de competici\u00f3. El dissabte realitzaran el triatl\u00f3 individual i el diumenge el triatl\u00f3 per relleus mixtes. Davant la suspensi\u00f3 del triatl\u00f3 Sassga Yacht d\u2019Es Castell,&hellip;","_links":{"self":[{"href":"https:\/\/fetrib.com\/web\/wp-json\/wp\/v2\/posts\/686","targetHints":{"allow":["GET"]}}],"collection":[{"href":"https:\/\/fetrib.com\/web\/wp-json\/wp\/v2\/posts"}],"about":[{"href":"https:\/\/fetrib.com\/web\/wp-json\/wp\/v2\/types\/post"}],"author":[{"embeddable":true,"href":"https:\/\/fetrib.com\/web\/wp-json\/wp\/v2\/users\/1"}],"replies":[{"embeddable":true,"href":"https:\/\/fetrib.com\/web\/wp-json\/wp\/v2\/comments?post=686"}],"version-history":[{"count":0,"href":"https:\/\/fetrib.com\/web\/wp-json\/wp\/v2\/posts\/686\/revisions"}],"wp:featuredmedia":[{"embeddable":true,"href":"https:\/\/fetrib.com\/web\/wp-json\/wp\/v2\/media\/420"}],"wp:attachment":[{"href":"https:\/\/fetrib.com\/web\/wp-json\/wp\/v2\/media?parent=686"}],"wp:term":[{"taxonomy":"category","embeddable":true,"href":"https:\/\/fetrib.com\/web\/wp-json\/wp\/v2\/categories?post=686"},{"taxonomy":"post_tag","embeddable":true,"href":"https:\/\/fetrib.com\/web\/wp-json\/wp\/v2\/tags?post=686"}],"curies":[{"name":"wp","href":"https:\/\/api.w.org\/{rel}","templated":true}]}}