{"id":689,"date":"2016-06-27T08:34:00","date_gmt":"2016-06-27T08:34:00","guid":{"rendered":"http:\/\/www.fetrib.com\/web2018\/news\/latest-news\/criteris-de-seleccio-cteib-2016-2017\/"},"modified":"2018-05-21T11:52:12","modified_gmt":"2018-05-21T11:52:12","slug":"criteris-de-seleccio-cteib-2016-2017","status":"publish","type":"post","link":"https:\/\/fetrib.com\/web\/2016\/06\/27\/criteris-de-seleccio-cteib-2016-2017\/","title":{"rendered":"Criteris de selecci\u00f3 CTEIB 2016-2017"},"content":{"rendered":"<p>La Fundaci\u00f3 per a l&#8217;Esport Balear ha publicat els criteris de selecci\u00f3 per al programa de tecnificaci\u00f3 de triatl\u00f3 del curs 2015-2016.<\/p>\n<p>Data de les proves: <strong>Dimartrs 12 de juliol en doble sessi\u00f3,<\/strong> mat\u00ed nataci\u00f3 i tarda carrera, amb un interval de descans de 4h entre i entre.\u00a0<\/p>\n<p><strong>El programa disposa de 8 places<\/strong>.\u00a0Les edats per accedir al programa comprenen les categories cadets (00\/01\/02), j\u00fanior (99\/98). El nombre de places per a cada categoria pot variar segons les sol\u00b7licituds, resultat dels criteris de selecci\u00f3 i\/o criteri t\u00e8cnic.<\/p>\n<p>REQUISITS GENERALS I ESPEC\u00cdFICS DELS ASPIRANTS:<\/p>\n<ul>\n<li>Tenir la condici\u00f3 de balear (lloc de naixement o resid\u00e8ncia de 3 anys).<\/li>\n<li>Tenir nacionalitat espanyola.<\/li>\n<li>Haver tramitat la llic\u00e8ncia amb la Federaci\u00f3 Balear de Triatl\u00f3 .<\/li>\n<li>Passar reconeixement m\u00e8dic.\u00a0<\/li>\n<li>No haver estat expulsat ni haver abandonat volunt\u00e0riament amb anterioritat un programa de tecnificaci\u00f3.\u00a0<\/li>\n<li>Realitzar la pr\u00e0ctica del triatl\u00f3 a un Club.<\/li>\n<li>Acreditar un m\u00ednim de resultats esportius en competicions de la nostra Federaci\u00f3 o d\u2019algun esport relacionat (atletisme, ciclisme o nataci\u00f3).<\/li>\n<li>Realitzar, les proves d\u2019aptitud f\u00edsica i complir els criteris de selecci\u00f3 exposats a continuaci \u00f3.\u00a0<\/li>\n<li>Poder assistir a classes dins el IES CTEIB per complir amb el r\u00e8gim d\u2019entrenament del programa. Excepci\u00f3 esportistes en categoria Junior que cursin estudis universitaris, i aix\u00ed ho acreditin, pr\u00e8via autoritzaci\u00f3 del Dr. T\u00e8cnic.<\/li>\n<li>Aportar tota la documentaci\u00f3 requerida correctament, la no presentaci\u00f3 o omissi\u00f3 volunt\u00e0ria o involunt\u00e0ria d\u2019informaci\u00f3 pot produir la p\u00e8rdua de la pla\u00e7a de manera definitiva.<\/li>\n<li>No haver tingut cap expedient disciplinari a l\u2019IES CTEIB en les anys anteriors.<\/li>\n<\/ul>\n<p>Podeu consultar els criteris <a href=\"http:\/\/fetrib.com\/web\/wp-content\/uploads\/2016\/06\/tecnificacio_criteris_triatlo_CA.pdf\">aqu\u00ed<\/a><\/p>\n<p>Els interessats heu d&#8217;emplenar el seg\u00fcent formulari a la Fundaci\u00f3 per a l&#8217;Esport Balear abans de dia 11 de juliol. <a href=\"https:\/\/docs.google.com\/forms\/d\/1m44jV2gwSIoa_VsBfltS85hlB2NBWIUMPW4lqu0RskE\/viewform?c=0&amp;w=1\">(sol\u00b7licitud)<\/a><\/p>\n","protected":false},"excerpt":{"rendered":"<p>La Fundaci\u00f3 per a l&#8217;Esport Balear ha publicat els criteris de selecci\u00f3 per al programa de tecnificaci\u00f3 de triatl\u00f3 del curs 2015-2016. Data de les proves: Dimartrs 12 de juliol en doble sessi\u00f3, mat\u00ed nataci\u00f3 i tarda carrera, amb un interval de descans de 4h entre i entre.\u00a0 El programa disposa de 8 places.\u00a0Les edats &#8230;<\/p>\n","protected":false},"author":1,"featured_media":0,"comment_status":"open","ping_status":"open","sticky":false,"template":"","format":"standard","meta":{"_uag_custom_page_level_css":"","footnotes":""},"categories":[62,37],"tags":[],"class_list":["post-689","post","type-post","status-publish","format-standard","hentry","category-criteris-seleccio","category-latest-news"],"uagb_featured_image_src":{"full":false,"thumbnail":false,"medium":false,"medium_large":false,"large":false,"1536x1536":false,"2048x2048":false,"tie-small":false,"tie-large":false,"slider":false},"uagb_author_info":{"display_name":"admin","author_link":"https:\/\/fetrib.com\/web\/author\/admin\/"},"uagb_comment_info":0,"uagb_excerpt":"La Fundaci\u00f3 per a l&#8217;Esport Balear ha publicat els criteris de selecci\u00f3 per al programa de tecnificaci\u00f3 de triatl\u00f3 del curs 2015-2016. Data de les proves: Dimartrs 12 de juliol en doble sessi\u00f3, mat\u00ed nataci\u00f3 i tarda carrera, amb un interval de descans de 4h entre i entre.\u00a0 El programa disposa de 8 places.\u00a0Les edats&hellip;","_links":{"self":[{"href":"https:\/\/fetrib.com\/web\/wp-json\/wp\/v2\/posts\/689","targetHints":{"allow":["GET"]}}],"collection":[{"href":"https:\/\/fetrib.com\/web\/wp-json\/wp\/v2\/posts"}],"about":[{"href":"https:\/\/fetrib.com\/web\/wp-json\/wp\/v2\/types\/post"}],"author":[{"embeddable":true,"href":"https:\/\/fetrib.com\/web\/wp-json\/wp\/v2\/users\/1"}],"replies":[{"embeddable":true,"href":"https:\/\/fetrib.com\/web\/wp-json\/wp\/v2\/comments?post=689"}],"version-history":[{"count":1,"href":"https:\/\/fetrib.com\/web\/wp-json\/wp\/v2\/posts\/689\/revisions"}],"predecessor-version":[{"id":1763,"href":"https:\/\/fetrib.com\/web\/wp-json\/wp\/v2\/posts\/689\/revisions\/1763"}],"wp:attachment":[{"href":"https:\/\/fetrib.com\/web\/wp-json\/wp\/v2\/media?parent=689"}],"wp:term":[{"taxonomy":"category","embeddable":true,"href":"https:\/\/fetrib.com\/web\/wp-json\/wp\/v2\/categories?post=689"},{"taxonomy":"post_tag","embeddable":true,"href":"https:\/\/fetrib.com\/web\/wp-json\/wp\/v2\/tags?post=689"}],"curies":[{"name":"wp","href":"https:\/\/api.w.org\/{rel}","templated":true}]}}