{"id":694,"date":"2016-10-02T18:47:21","date_gmt":"2016-10-02T18:47:21","guid":{"rendered":"http:\/\/www.fetrib.com\/web2018\/news\/latest-news\/gelabert-se-anota-la-victoria-en-el-duatlo-cross-de-costitx\/"},"modified":"2016-10-02T18:47:21","modified_gmt":"2016-10-02T18:47:21","slug":"gelabert-se-anota-la-victoria-en-el-duatlo-cross-de-costitx","status":"publish","type":"post","link":"https:\/\/fetrib.com\/web\/2016\/10\/02\/gelabert-se-anota-la-victoria-en-el-duatlo-cross-de-costitx\/","title":{"rendered":"Gelabert se anota la victoria en el Duatl\u00f3 Cross de Costitx"},"content":{"rendered":"<p>Albert Gelabert se anot\u00f3 la victoria con un tiempo de 1:03:05 en la prueba inaugural de la II Challenge Duatl\u00f3 Cross Es Pla disputada en la localidad de Costitx. El triatleta del Grup Caldentey se impuso a Lluis G. Bauza y Toni Salas, segundo y tercero respectivamente, tras firmar el mejor parcial en los \u00faltimos 4 kil\u00f3metros de carrera a pie. Bauza, que hab\u00eda comandado la carrera en el primer y segundo segmento, tuvo que ceder finalmente ante el ritmo de Gelabert. En equipos, el triunfo fue para la pareja formada por Ferran Farr\u00e9 y Gabriel Matas, siempre en cabeza desde los metros iniciales. La pr\u00f3xima cita de la Challenge ser\u00e1 en Lloret de Vistalegre el pr\u00f3ximo s\u00e1bado 29 de octubre con el Trofeu Rosa Bauz\u00e0 &#8211; Duatl\u00f3 Cross Lloret<\/p>\n<p>.<img decoding=\"async\" class=\" size-full wp-image-693\" src=\"http:\/\/fetrib.com\/web\/wp-content\/uploads\/2016\/10\/Podium-vencedors.jpg\" border=\"0\" alt=\"\" width=\"75%\" style=\"display: block; margin-left: auto; margin-right: auto;\" srcset=\"https:\/\/fetrib.com\/web\/wp-content\/uploads\/2016\/10\/Podium-vencedors.jpg 1328w, https:\/\/fetrib.com\/web\/wp-content\/uploads\/2016\/10\/Podium-vencedors-300x169.jpg 300w, https:\/\/fetrib.com\/web\/wp-content\/uploads\/2016\/10\/Podium-vencedors-768x432.jpg 768w, https:\/\/fetrib.com\/web\/wp-content\/uploads\/2016\/10\/Podium-vencedors-1024x576.jpg 1024w\" sizes=\"(max-width: 1328px) 100vw, 1328px\" \/><\/p>\n","protected":false},"excerpt":{"rendered":"<p>Albert Gelabert se anot\u00f3 la victoria con un tiempo de 1:03:05 en la prueba inaugural de la II Challenge Duatl\u00f3 Cross Es Pla disputada en la localidad de Costitx. El triatleta del Grup Caldentey se impuso a Lluis G. Bauza y Toni Salas, segundo y tercero respectivamente, tras firmar el mejor parcial en los \u00faltimos &#8230;<\/p>\n","protected":false},"author":1,"featured_media":693,"comment_status":"open","ping_status":"open","sticky":false,"template":"","format":"standard","meta":{"_uag_custom_page_level_css":"","footnotes":""},"categories":[37],"tags":[],"class_list":["post-694","post","type-post","status-publish","format-standard","has-post-thumbnail","hentry","category-latest-news"],"uagb_featured_image_src":{"full":["https:\/\/fetrib.com\/web\/wp-content\/uploads\/2016\/10\/Podium-vencedors.jpg",1328,747,false],"thumbnail":["https:\/\/fetrib.com\/web\/wp-content\/uploads\/2016\/10\/Podium-vencedors-150x150.jpg",150,150,true],"medium":["https:\/\/fetrib.com\/web\/wp-content\/uploads\/2016\/10\/Podium-vencedors-300x169.jpg",300,169,true],"medium_large":["https:\/\/fetrib.com\/web\/wp-content\/uploads\/2016\/10\/Podium-vencedors-768x432.jpg",620,349,true],"large":["https:\/\/fetrib.com\/web\/wp-content\/uploads\/2016\/10\/Podium-vencedors-1024x576.jpg",620,349,true],"1536x1536":["https:\/\/fetrib.com\/web\/wp-content\/uploads\/2016\/10\/Podium-vencedors.jpg",1328,747,false],"2048x2048":["https:\/\/fetrib.com\/web\/wp-content\/uploads\/2016\/10\/Podium-vencedors.jpg",1328,747,false],"tie-small":["https:\/\/fetrib.com\/web\/wp-content\/uploads\/2016\/10\/Podium-vencedors-70x70.jpg",70,70,true],"tie-large":["https:\/\/fetrib.com\/web\/wp-content\/uploads\/2016\/10\/Podium-vencedors-300x160.jpg",300,160,true],"slider":["https:\/\/fetrib.com\/web\/wp-content\/uploads\/2016\/10\/Podium-vencedors-620x330.jpg",620,330,true]},"uagb_author_info":{"display_name":"admin","author_link":"https:\/\/fetrib.com\/web\/author\/admin\/"},"uagb_comment_info":0,"uagb_excerpt":"Albert Gelabert se anot\u00f3 la victoria con un tiempo de 1:03:05 en la prueba inaugural de la II Challenge Duatl\u00f3 Cross Es Pla disputada en la localidad de Costitx. El triatleta del Grup Caldentey se impuso a Lluis G. Bauza y Toni Salas, segundo y tercero respectivamente, tras firmar el mejor parcial en los \u00faltimos&hellip;","_links":{"self":[{"href":"https:\/\/fetrib.com\/web\/wp-json\/wp\/v2\/posts\/694","targetHints":{"allow":["GET"]}}],"collection":[{"href":"https:\/\/fetrib.com\/web\/wp-json\/wp\/v2\/posts"}],"about":[{"href":"https:\/\/fetrib.com\/web\/wp-json\/wp\/v2\/types\/post"}],"author":[{"embeddable":true,"href":"https:\/\/fetrib.com\/web\/wp-json\/wp\/v2\/users\/1"}],"replies":[{"embeddable":true,"href":"https:\/\/fetrib.com\/web\/wp-json\/wp\/v2\/comments?post=694"}],"version-history":[{"count":0,"href":"https:\/\/fetrib.com\/web\/wp-json\/wp\/v2\/posts\/694\/revisions"}],"wp:featuredmedia":[{"embeddable":true,"href":"https:\/\/fetrib.com\/web\/wp-json\/wp\/v2\/media\/693"}],"wp:attachment":[{"href":"https:\/\/fetrib.com\/web\/wp-json\/wp\/v2\/media?parent=694"}],"wp:term":[{"taxonomy":"category","embeddable":true,"href":"https:\/\/fetrib.com\/web\/wp-json\/wp\/v2\/categories?post=694"},{"taxonomy":"post_tag","embeddable":true,"href":"https:\/\/fetrib.com\/web\/wp-json\/wp\/v2\/tags?post=694"}],"curies":[{"name":"wp","href":"https:\/\/api.w.org\/{rel}","templated":true}]}}