{"id":707,"date":"2016-12-29T22:03:38","date_gmt":"2016-12-29T22:03:38","guid":{"rendered":"http:\/\/www.fetrib.com\/web2018\/news\/latest-news\/convocatoria-presa-de-temps-2017\/"},"modified":"2016-12-29T22:03:38","modified_gmt":"2016-12-29T22:03:38","slug":"convocatoria-presa-de-temps-2017","status":"publish","type":"post","link":"https:\/\/fetrib.com\/web\/2016\/12\/29\/convocatoria-presa-de-temps-2017\/","title":{"rendered":"Convocat\u00f2ria presa de temps 2017"},"content":{"rendered":"<p>\u00a0<img loading=\"lazy\" decoding=\"async\" class=\" size-full wp-image-420\" src=\"http:\/\/fetrib.com\/web\/wp-content\/uploads\/2014\/02\/logo-fetrib-web.jpg\" border=\"0\" alt=\"\" style=\"display: block; margin-left: auto; margin-right: auto;\" width=\"196\" height=\"168\" \/><\/p>\n<p style=\"margin-bottom: 0.35cm; line-height: 115%;\" align=\"justify\"><span lang=\"ca-ES\">La FETRIB convoca una presa de temps integrada en el Pla Nacional de Tecnificaci\u00f3 de la Federaci\u00f3 Espa\u00f1ola de Triatl\u00f3. <\/span><\/p>\n<p style=\"margin-bottom: 0.35cm; line-height: 115%;\" align=\"justify\"><span lang=\"ca-ES\">Llocs: Poliesportiu Pr\u00ednceps d\u2019Espanya de Palma<\/span><\/p>\n<p style=\"margin-bottom: 0.35cm; line-height: 115%;\" align=\"justify\"><span lang=\"ca-ES\">Dia: Dissabte 04 de febrer de 2017.<\/span><\/p>\n<p style=\"margin-bottom: 0.35cm; line-height: 115%;\" align=\"justify\"><span lang=\"ca-ES\">Convocats: Tots els <\/span><span lang=\"ca-ES\"><strong>esportistes cadets<\/strong><\/span><span lang=\"ca-ES\"> (2000, 2001, 2002) i <\/span><span lang=\"ca-ES\"><strong>junior<\/strong><\/span><span lang=\"ca-ES\"> (1998, 1999) en la temporada 2017 aix\u00ed com tots els<\/span><span lang=\"ca-ES\"><strong> paratriatletes<\/strong><\/span><span lang=\"ca-ES\">.<\/span><\/p>\n<p style=\"margin-bottom: 0.35cm; line-height: 115%;\" align=\"justify\"><span lang=\"ca-ES\">Tots els esportistes han de estar en possessi\u00f3 de la llic\u00e8ncia Federativa en vigor o tramitar la llic\u00e8ncia per a un dia.<\/span><\/p>\n<p style=\"margin-bottom: 0.35cm; line-height: 115%;\" align=\"justify\"><span lang=\"ca-ES\">S\u2019han de realitzar 4 proves, 2 de nataci\u00f3 (100 i 1000 m.) i 2 de carrera (400 i 1000 m.)<\/span><\/p>\n<p style=\"margin-bottom: 0.35cm; line-height: 115%;\" align=\"justify\"><span lang=\"ca-ES\"><strong>Jornada de mat\u00ed: Nataci\u00f3<\/strong><\/span><span lang=\"ca-ES\">. Convocat\u00f2ria a les 12:00 canviats a la piscina de Pr\u00ednceps d\u2019Espanya.<\/span><\/p>\n<ul>\n<li>\n<p style=\"margin-bottom: 0.35cm; line-height: 115%;\" align=\"justify\"><span lang=\"ca-ES\">Cadets i junior: 1\u00aa prova 100 m, descans m\u00ednim de 30\u2019. 2\u00aa prova 1000 m.<\/span><\/p>\n<\/li>\n<li>\n<p style=\"margin-bottom: 0.35cm; line-height: 115%;\" align=\"justify\"><span lang=\"ca-ES\">Paratriatletes: 500 m<\/span><\/p>\n<\/li>\n<\/ul>\n<p><span lang=\"ca-ES\"><strong>Jornada de tarda: Carrera.<\/strong><\/span><span lang=\"ca-ES\"> Convocat\u00f2ria a les 17:00 canviats a la pista d\u2019atletisme de Pr\u00ednceps d\u2019Espanya<\/span><\/p>\n<ul>\n<li>\n<p style=\"margin-bottom: 0.35cm; line-height: 115%;\" align=\"justify\"><span lang=\"ca-ES\">Cadets i junior: 1\u00aa prova 1000 m, descans m\u00ednim 30\u2019. 2\u00aa prova 400 m.<\/span><\/p>\n<\/li>\n<li>\n<p style=\"margin-bottom: 0.35cm; line-height: 115%;\" align=\"justify\"><span lang=\"ca-ES\">Paratriatletes: 1000 m<\/span><\/p>\n<\/li>\n<\/ul>\n<p><span lang=\"ca-ES\"><strong>Inscripci\u00f3: <\/strong><\/span><span lang=\"ca-ES\">un representant de cada club enviar\u00e0 el formulari que facilitem emplenat abans del dijous 02 de febrer a dtecnica@fetrib.com<\/span><\/p>\n<p style=\"margin-bottom: 0.35cm; line-height: 115%;\" align=\"justify\"><span lang=\"ca-ES\">S\u2019adjunten les taules de baremaci\u00f3 dels temps.<\/span><\/p>\n<p><a name=\"_GoBack\"><\/a> <span lang=\"ca-ES\">Les delegacions de Menorca i Eivissa tamb\u00e9 realitzaran presa de temps. S\u2019estan fent gestions per a confirmar els horaris definitius<\/span><\/p>\n<p style=\"margin-bottom: 0.35cm; line-height: 115%;\" align=\"justify\"><span lang=\"ca-ES\">Persones de contacte:<\/span><\/p>\n<p style=\"margin-bottom: 0.35cm; line-height: 115%;\" align=\"justify\"><span lang=\"ca-ES\">Mallorca: Miquel Torres. Tel: 679917360. Mail: <a href=\"mailto:dtecnica@fetrib.com\">dtecnica@fetrib.com<\/a>.<\/span><\/p>\n<p style=\"margin-bottom: 0.35cm; line-height: 115%;\" align=\"justify\"><span lang=\"ca-ES\">Menorca: Paco Arnau. Tel: 646082843. Mail: <a href=\"mailto:parnau@gmail.com\">parnau@gmail.com<\/a><\/span><\/p>\n<p style=\"margin-bottom: 0.35cm; line-height: 115%;\" align=\"justify\"><span lang=\"ca-ES\">Eivissa: Javi Bonet. Tel: 636277425. Mail: <a href=\"mailto:coachjavi@gmail.com\">coachjavi@gmail.com<\/a><\/span><\/p>\n<p>\u00a0<\/p>\n<p><a href=\"images\/pdf\/Formulario%20inscripci\u00f3n%20toma%20tiempos%20fetrib%202017.xls\">Formulario inscripci\u00f3n toma tiempos fetrib 2017.xls <\/a><\/p>\n<p><a href=\"http:\/\/fetrib.com\/web\/wp-content\/uploads\/2016\/12\/Baremos-Masculinos-Toma-de-Tiempos-2017.pdf\">Baremos Masculinos Toma de Tiempos 2017.pdf<\/a><\/p>\n<p><a href=\"http:\/\/fetrib.com\/web\/wp-content\/uploads\/2016\/12\/Baremos-Femeninos-Toma-de-Tiempo-2017.pdf\">Baremos Femeninos Toma de Tiempo 2017.pdf<\/a><\/p>\n<p>\u00a0<\/p>\n","protected":false},"excerpt":{"rendered":"<p>\u00a0 La FETRIB convoca una presa de temps integrada en el Pla Nacional de Tecnificaci\u00f3 de la Federaci\u00f3 Espa\u00f1ola de Triatl\u00f3. Llocs: Poliesportiu Pr\u00ednceps d\u2019Espanya de Palma Dia: Dissabte 04 de febrer de 2017. Convocats: Tots els esportistes cadets (2000, 2001, 2002) i junior (1998, 1999) en la temporada 2017 aix\u00ed com tots els paratriatletes. &#8230;<\/p>\n","protected":false},"author":1,"featured_media":420,"comment_status":"open","ping_status":"open","sticky":false,"template":"","format":"standard","meta":{"_uag_custom_page_level_css":"","footnotes":""},"categories":[37],"tags":[],"class_list":["post-707","post","type-post","status-publish","format-standard","has-post-thumbnail","hentry","category-latest-news"],"uagb_featured_image_src":{"full":["https:\/\/fetrib.com\/web\/wp-content\/uploads\/2014\/02\/logo-fetrib-web.jpg",196,168,false],"thumbnail":["https:\/\/fetrib.com\/web\/wp-content\/uploads\/2014\/02\/logo-fetrib-web-150x150.jpg",150,150,true],"medium":["https:\/\/fetrib.com\/web\/wp-content\/uploads\/2014\/02\/logo-fetrib-web.jpg",196,168,false],"medium_large":["https:\/\/fetrib.com\/web\/wp-content\/uploads\/2014\/02\/logo-fetrib-web.jpg",196,168,false],"large":["https:\/\/fetrib.com\/web\/wp-content\/uploads\/2014\/02\/logo-fetrib-web.jpg",196,168,false],"1536x1536":["https:\/\/fetrib.com\/web\/wp-content\/uploads\/2014\/02\/logo-fetrib-web.jpg",196,168,false],"2048x2048":["https:\/\/fetrib.com\/web\/wp-content\/uploads\/2014\/02\/logo-fetrib-web.jpg",196,168,false],"tie-small":["https:\/\/fetrib.com\/web\/wp-content\/uploads\/2014\/02\/logo-fetrib-web-70x70.jpg",70,70,true],"tie-large":["https:\/\/fetrib.com\/web\/wp-content\/uploads\/2014\/02\/logo-fetrib-web-196x160.jpg",196,160,true],"slider":["https:\/\/fetrib.com\/web\/wp-content\/uploads\/2014\/02\/logo-fetrib-web.jpg",196,168,false]},"uagb_author_info":{"display_name":"admin","author_link":"https:\/\/fetrib.com\/web\/author\/admin\/"},"uagb_comment_info":0,"uagb_excerpt":"\u00a0 La FETRIB convoca una presa de temps integrada en el Pla Nacional de Tecnificaci\u00f3 de la Federaci\u00f3 Espa\u00f1ola de Triatl\u00f3. Llocs: Poliesportiu Pr\u00ednceps d\u2019Espanya de Palma Dia: Dissabte 04 de febrer de 2017. Convocats: Tots els esportistes cadets (2000, 2001, 2002) i junior (1998, 1999) en la temporada 2017 aix\u00ed com tots els paratriatletes.&hellip;","_links":{"self":[{"href":"https:\/\/fetrib.com\/web\/wp-json\/wp\/v2\/posts\/707","targetHints":{"allow":["GET"]}}],"collection":[{"href":"https:\/\/fetrib.com\/web\/wp-json\/wp\/v2\/posts"}],"about":[{"href":"https:\/\/fetrib.com\/web\/wp-json\/wp\/v2\/types\/post"}],"author":[{"embeddable":true,"href":"https:\/\/fetrib.com\/web\/wp-json\/wp\/v2\/users\/1"}],"replies":[{"embeddable":true,"href":"https:\/\/fetrib.com\/web\/wp-json\/wp\/v2\/comments?post=707"}],"version-history":[{"count":0,"href":"https:\/\/fetrib.com\/web\/wp-json\/wp\/v2\/posts\/707\/revisions"}],"wp:featuredmedia":[{"embeddable":true,"href":"https:\/\/fetrib.com\/web\/wp-json\/wp\/v2\/media\/420"}],"wp:attachment":[{"href":"https:\/\/fetrib.com\/web\/wp-json\/wp\/v2\/media?parent=707"}],"wp:term":[{"taxonomy":"category","embeddable":true,"href":"https:\/\/fetrib.com\/web\/wp-json\/wp\/v2\/categories?post=707"},{"taxonomy":"post_tag","embeddable":true,"href":"https:\/\/fetrib.com\/web\/wp-json\/wp\/v2\/tags?post=707"}],"curies":[{"name":"wp","href":"https:\/\/api.w.org\/{rel}","templated":true}]}}