{"id":708,"date":"2017-01-22T00:00:00","date_gmt":"2017-01-22T00:00:00","guid":{"rendered":"http:\/\/www.fetrib.com\/web2018\/proceso-electoral-2012\/eleccions-2016\/eleccions-fetrib\/"},"modified":"2017-01-22T00:00:00","modified_gmt":"2017-01-22T00:00:00","slug":"eleccions-fetrib","status":"publish","type":"post","link":"https:\/\/fetrib.com\/web\/2017\/01\/22\/eleccions-fetrib\/","title":{"rendered":"Documentaci\u00f3 inici proc\u00e9s electoral"},"content":{"rendered":"<p><img loading=\"lazy\" decoding=\"async\" class=\" size-full wp-image-420\" src=\"http:\/\/fetrib.com\/web\/wp-content\/uploads\/2014\/02\/logo-fetrib-web.jpg\" border=\"0\" alt=\"\" style=\"display: block; margin-left: auto; margin-right: auto;\" width=\"196\" height=\"168\" \/><\/p>\n<p>Aqu\u00ed podreu trobar la documentaci\u00f3 referent al proc\u00e9s electoral per a l&#8217;elecci\u00f3 del nou president de la FETRIB per als anys 2016-2020<\/p>\n<p>\u00a0<\/p>\n<p><a href=\"eleccions2016\/REGLAMENT%20ELECCIONS.pdf\">&#8211; Reglament electoral<\/a><\/p>\n<p><a href=\"eleccions2016\/Calendari%20electoral%202016-2020.pdf\">&#8211; Calendari electoral<\/a><\/p>\n<p>\u00a0<\/p>\n<p><strong>1 Gener 2017<\/strong><\/p>\n<p>Publicaci\u00f3 del cens electoral per a les eleccions. Es poden presentar reclamacions a aquest cens fins dia 4 de gener de 2017 davant la junta electoral, juntaelectoral@fetrib.com<\/p>\n<p><a href=\"eleccions2016\/Cens%20Esportistes%202016-2020.pdf\">-Cens Esportistes<\/a><\/p>\n<p><a href=\"eleccions2016\/Cens%20Clubs%202016-2020.pdf\">.Cens Clubs<\/a><\/p>\n<p><a href=\"eleccions2016\/Cens%20Tecnics%202016-2020.pdf\">-Cens T\u00e8cnics<\/a><\/p>\n<p><a href=\"eleccions2016\/Cens%20Jutges%202016-2020.pdf\">-Cens Oficials<\/a><\/p>\n<p>\u00a0<\/p>\n","protected":false},"excerpt":{"rendered":"<p>Aqu\u00ed podreu trobar la documentaci\u00f3 referent al proc\u00e9s electoral per a l&#8217;elecci\u00f3 del nou president de la FETRIB per als anys 2016-2020 \u00a0 &#8211; Reglament electoral &#8211; Calendari electoral \u00a0 1 Gener 2017 Publicaci\u00f3 del cens electoral per a les eleccions. Es poden presentar reclamacions a aquest cens fins dia 4 de gener de 2017 &#8230;<\/p>\n","protected":false},"author":1,"featured_media":420,"comment_status":"open","ping_status":"open","sticky":false,"template":"","format":"standard","meta":{"_uag_custom_page_level_css":"","footnotes":""},"categories":[51],"tags":[],"class_list":["post-708","post","type-post","status-publish","format-standard","has-post-thumbnail","hentry","category-eleccions-2016"],"uagb_featured_image_src":{"full":["https:\/\/fetrib.com\/web\/wp-content\/uploads\/2014\/02\/logo-fetrib-web.jpg",196,168,false],"thumbnail":["https:\/\/fetrib.com\/web\/wp-content\/uploads\/2014\/02\/logo-fetrib-web-150x150.jpg",150,150,true],"medium":["https:\/\/fetrib.com\/web\/wp-content\/uploads\/2014\/02\/logo-fetrib-web.jpg",196,168,false],"medium_large":["https:\/\/fetrib.com\/web\/wp-content\/uploads\/2014\/02\/logo-fetrib-web.jpg",196,168,false],"large":["https:\/\/fetrib.com\/web\/wp-content\/uploads\/2014\/02\/logo-fetrib-web.jpg",196,168,false],"1536x1536":["https:\/\/fetrib.com\/web\/wp-content\/uploads\/2014\/02\/logo-fetrib-web.jpg",196,168,false],"2048x2048":["https:\/\/fetrib.com\/web\/wp-content\/uploads\/2014\/02\/logo-fetrib-web.jpg",196,168,false],"tie-small":["https:\/\/fetrib.com\/web\/wp-content\/uploads\/2014\/02\/logo-fetrib-web-70x70.jpg",70,70,true],"tie-large":["https:\/\/fetrib.com\/web\/wp-content\/uploads\/2014\/02\/logo-fetrib-web-196x160.jpg",196,160,true],"slider":["https:\/\/fetrib.com\/web\/wp-content\/uploads\/2014\/02\/logo-fetrib-web.jpg",196,168,false]},"uagb_author_info":{"display_name":"admin","author_link":"https:\/\/fetrib.com\/web\/author\/admin\/"},"uagb_comment_info":0,"uagb_excerpt":"Aqu\u00ed podreu trobar la documentaci\u00f3 referent al proc\u00e9s electoral per a l&#8217;elecci\u00f3 del nou president de la FETRIB per als anys 2016-2020 \u00a0 &#8211; Reglament electoral &#8211; Calendari electoral \u00a0 1 Gener 2017 Publicaci\u00f3 del cens electoral per a les eleccions. Es poden presentar reclamacions a aquest cens fins dia 4 de gener de 2017&hellip;","_links":{"self":[{"href":"https:\/\/fetrib.com\/web\/wp-json\/wp\/v2\/posts\/708","targetHints":{"allow":["GET"]}}],"collection":[{"href":"https:\/\/fetrib.com\/web\/wp-json\/wp\/v2\/posts"}],"about":[{"href":"https:\/\/fetrib.com\/web\/wp-json\/wp\/v2\/types\/post"}],"author":[{"embeddable":true,"href":"https:\/\/fetrib.com\/web\/wp-json\/wp\/v2\/users\/1"}],"replies":[{"embeddable":true,"href":"https:\/\/fetrib.com\/web\/wp-json\/wp\/v2\/comments?post=708"}],"version-history":[{"count":0,"href":"https:\/\/fetrib.com\/web\/wp-json\/wp\/v2\/posts\/708\/revisions"}],"wp:featuredmedia":[{"embeddable":true,"href":"https:\/\/fetrib.com\/web\/wp-json\/wp\/v2\/media\/420"}],"wp:attachment":[{"href":"https:\/\/fetrib.com\/web\/wp-json\/wp\/v2\/media?parent=708"}],"wp:term":[{"taxonomy":"category","embeddable":true,"href":"https:\/\/fetrib.com\/web\/wp-json\/wp\/v2\/categories?post=708"},{"taxonomy":"post_tag","embeddable":true,"href":"https:\/\/fetrib.com\/web\/wp-json\/wp\/v2\/tags?post=708"}],"curies":[{"name":"wp","href":"https:\/\/api.w.org\/{rel}","templated":true}]}}