{"id":715,"date":"2017-01-24T10:36:17","date_gmt":"2017-01-24T10:36:17","guid":{"rendered":"http:\/\/www.fetrib.com\/web2018\/proceso-electoral-2012\/eleccions-2016\/eleccionsfetrib2017\/"},"modified":"2017-01-24T10:36:17","modified_gmt":"2017-01-24T10:36:17","slug":"eleccionsfetrib2017","status":"publish","type":"post","link":"https:\/\/fetrib.com\/web\/2017\/01\/24\/eleccionsfetrib2017\/","title":{"rendered":"Publicaci\u00f3 cens definitiu i model avals"},"content":{"rendered":"<p><img loading=\"lazy\" decoding=\"async\" class=\" size-full wp-image-420\" src=\"http:\/\/fetrib.com\/web\/wp-content\/uploads\/2014\/02\/logo-fetrib-web.jpg\" border=\"0\" alt=\"\" style=\"display: block; margin-left: auto; margin-right: auto;\" width=\"196\" height=\"168\" \/><\/p>\n<p><strong> 23 Gener 2017<\/strong><\/p>\n<p>Publicaci\u00f3 del cens electoral definitiu per a les eleccions.<\/p>\n<p><a href=\"eleccions2016\/Cens%20Esportistes%202016-2020_DEFINITIU.pdf\">-Cens Esportistes<\/a><\/p>\n<p><a href=\"eleccions2016\/Cens%20Clubs%202016-2020.pdf\">.Cens Clubs<\/a><\/p>\n<p><a href=\"eleccions2016\/Cens%20Tecnics%202016-2020.pdf\">-Cens T\u00e8cnics<\/a><\/p>\n<p><a href=\"eleccions2016\/Cens%20Jutges%202016-2020.pdf\">-Cens Oficials<\/a><\/p>\n<p>Publicaci\u00f3 del model d&#8217;aval que s&#8217;ha d&#8217;emplenar per a ser candidat a assembleista.<\/p>\n<p><a href=\"eleccions2016\/Aval_clubs.pdf\">Aval clubs<\/a><\/p>\n<p><a href=\"eleccions2016\/Aval_persones_fisiques.pdf\">Aval persones fisiques (esportistes, oficials, t\u00e8cnics)<\/a><\/p>\n<p>Els avals han de ser presentats a la junta electoral amb data limit 6 de febrer de 2017. Vos podeu posar en contacte a trav\u00e9s del correu <a href=\"mailto:juntaelectoral@fetrib.com\">juntaelectoral@fetrib.com<\/a><\/p>\n","protected":false},"excerpt":{"rendered":"<p>23 Gener 2017 Publicaci\u00f3 del cens electoral definitiu per a les eleccions. -Cens Esportistes .Cens Clubs -Cens T\u00e8cnics -Cens Oficials Publicaci\u00f3 del model d&#8217;aval que s&#8217;ha d&#8217;emplenar per a ser candidat a assembleista. Aval clubs Aval persones fisiques (esportistes, oficials, t\u00e8cnics) Els avals han de ser presentats a la junta electoral amb data limit 6 &#8230;<\/p>\n","protected":false},"author":1,"featured_media":420,"comment_status":"open","ping_status":"open","sticky":false,"template":"","format":"standard","meta":{"_uag_custom_page_level_css":"","footnotes":""},"categories":[51],"tags":[],"class_list":["post-715","post","type-post","status-publish","format-standard","has-post-thumbnail","hentry","category-eleccions-2016"],"uagb_featured_image_src":{"full":["https:\/\/fetrib.com\/web\/wp-content\/uploads\/2014\/02\/logo-fetrib-web.jpg",196,168,false],"thumbnail":["https:\/\/fetrib.com\/web\/wp-content\/uploads\/2014\/02\/logo-fetrib-web-150x150.jpg",150,150,true],"medium":["https:\/\/fetrib.com\/web\/wp-content\/uploads\/2014\/02\/logo-fetrib-web.jpg",196,168,false],"medium_large":["https:\/\/fetrib.com\/web\/wp-content\/uploads\/2014\/02\/logo-fetrib-web.jpg",196,168,false],"large":["https:\/\/fetrib.com\/web\/wp-content\/uploads\/2014\/02\/logo-fetrib-web.jpg",196,168,false],"1536x1536":["https:\/\/fetrib.com\/web\/wp-content\/uploads\/2014\/02\/logo-fetrib-web.jpg",196,168,false],"2048x2048":["https:\/\/fetrib.com\/web\/wp-content\/uploads\/2014\/02\/logo-fetrib-web.jpg",196,168,false],"tie-small":["https:\/\/fetrib.com\/web\/wp-content\/uploads\/2014\/02\/logo-fetrib-web-70x70.jpg",70,70,true],"tie-large":["https:\/\/fetrib.com\/web\/wp-content\/uploads\/2014\/02\/logo-fetrib-web-196x160.jpg",196,160,true],"slider":["https:\/\/fetrib.com\/web\/wp-content\/uploads\/2014\/02\/logo-fetrib-web.jpg",196,168,false]},"uagb_author_info":{"display_name":"admin","author_link":"https:\/\/fetrib.com\/web\/author\/admin\/"},"uagb_comment_info":0,"uagb_excerpt":"23 Gener 2017 Publicaci\u00f3 del cens electoral definitiu per a les eleccions. -Cens Esportistes .Cens Clubs -Cens T\u00e8cnics -Cens Oficials Publicaci\u00f3 del model d&#8217;aval que s&#8217;ha d&#8217;emplenar per a ser candidat a assembleista. Aval clubs Aval persones fisiques (esportistes, oficials, t\u00e8cnics) Els avals han de ser presentats a la junta electoral amb data limit 6&hellip;","_links":{"self":[{"href":"https:\/\/fetrib.com\/web\/wp-json\/wp\/v2\/posts\/715","targetHints":{"allow":["GET"]}}],"collection":[{"href":"https:\/\/fetrib.com\/web\/wp-json\/wp\/v2\/posts"}],"about":[{"href":"https:\/\/fetrib.com\/web\/wp-json\/wp\/v2\/types\/post"}],"author":[{"embeddable":true,"href":"https:\/\/fetrib.com\/web\/wp-json\/wp\/v2\/users\/1"}],"replies":[{"embeddable":true,"href":"https:\/\/fetrib.com\/web\/wp-json\/wp\/v2\/comments?post=715"}],"version-history":[{"count":0,"href":"https:\/\/fetrib.com\/web\/wp-json\/wp\/v2\/posts\/715\/revisions"}],"wp:featuredmedia":[{"embeddable":true,"href":"https:\/\/fetrib.com\/web\/wp-json\/wp\/v2\/media\/420"}],"wp:attachment":[{"href":"https:\/\/fetrib.com\/web\/wp-json\/wp\/v2\/media?parent=715"}],"wp:term":[{"taxonomy":"category","embeddable":true,"href":"https:\/\/fetrib.com\/web\/wp-json\/wp\/v2\/categories?post=715"},{"taxonomy":"post_tag","embeddable":true,"href":"https:\/\/fetrib.com\/web\/wp-json\/wp\/v2\/tags?post=715"}],"curies":[{"name":"wp","href":"https:\/\/api.w.org\/{rel}","templated":true}]}}