{"id":719,"date":"2017-02-28T06:18:53","date_gmt":"2017-02-28T06:18:53","guid":{"rendered":"http:\/\/www.fetrib.com\/web2018\/news\/latest-news\/miguel-angel-fidalgo-y-mavi-garcia-campeones-de-baleares-de-duatlon-ld\/"},"modified":"2017-02-28T06:18:53","modified_gmt":"2017-02-28T06:18:53","slug":"miguel-angel-fidalgo-y-mavi-garcia-campeones-de-baleares-de-duatlon-ld","status":"publish","type":"post","link":"https:\/\/fetrib.com\/web\/2017\/02\/28\/miguel-angel-fidalgo-y-mavi-garcia-campeones-de-baleares-de-duatlon-ld\/","title":{"rendered":"Miguel Angel Fidalgo y Mavi Garc\u00eda  campeones de baleares de Duatl\u00f3n LD"},"content":{"rendered":"<p><img loading=\"lazy\" decoding=\"async\" class=\" size-full wp-image-718\" src=\"http:\/\/fetrib.com\/web\/wp-content\/uploads\/2017\/02\/podiPowerman.jpg\" border=\"0\" alt=\"\" width=\"307\" height=\"405\" style=\"display: block; margin-left: auto; margin-right: auto;\" \/><\/p>\n<p>\u00a0<\/p>\n<p>Miguel Angel Fidalgo y Mavi Garc\u00eda repiten trono reeditando el t\u00edtulo de campeones de baleares de Duatl\u00f3n Larga Distancia.<\/p>\n<p>La prueba sobre una distancia de 10km de carrera,60km de ciclismo y otros 10km de carrera para finalizar,bajo la inestabilidad de viento y lluvia duranta toda la prueba,estuvo comandada en cabeza de principio a fin por los duatletas que defend\u00edan el t\u00edtulo comseguido el pasado a\u00f1o.<br \/> En categor\u00eda marculina la victoria fue para Miguel Angel Fidalgo,acompa\u00f1ado en el podium por Miguel Fernandez Mini\u00f1o,segundo, y Marc Hibernon ,tercero.<br \/> En f\u00e9minas la \u00a0victoria contundente fue para Mavi Garc\u00eda por delante de Xisca Tous,segunda, y Leonor Font tercera.<br \/> El t\u00edtulo de campeones de baleares por clubs fue para Ferrer Hotels m3t,por delante del Hotel Bah\u00eda ,segundos y Garden Hotels ,terceros.<\/p>\n","protected":false},"excerpt":{"rendered":"<p>\u00a0 Miguel Angel Fidalgo y Mavi Garc\u00eda repiten trono reeditando el t\u00edtulo de campeones de baleares de Duatl\u00f3n Larga Distancia. La prueba sobre una distancia de 10km de carrera,60km de ciclismo y otros 10km de carrera para finalizar,bajo la inestabilidad de viento y lluvia duranta toda la prueba,estuvo comandada en cabeza de principio a fin &#8230;<\/p>\n","protected":false},"author":1,"featured_media":718,"comment_status":"open","ping_status":"open","sticky":false,"template":"","format":"standard","meta":{"_uag_custom_page_level_css":"","footnotes":""},"categories":[37],"tags":[],"class_list":["post-719","post","type-post","status-publish","format-standard","has-post-thumbnail","hentry","category-latest-news"],"uagb_featured_image_src":{"full":["https:\/\/fetrib.com\/web\/wp-content\/uploads\/2017\/02\/podiPowerman.jpg",496,727,false],"thumbnail":["https:\/\/fetrib.com\/web\/wp-content\/uploads\/2017\/02\/podiPowerman-150x150.jpg",150,150,true],"medium":["https:\/\/fetrib.com\/web\/wp-content\/uploads\/2017\/02\/podiPowerman-205x300.jpg",205,300,true],"medium_large":["https:\/\/fetrib.com\/web\/wp-content\/uploads\/2017\/02\/podiPowerman.jpg",496,727,false],"large":["https:\/\/fetrib.com\/web\/wp-content\/uploads\/2017\/02\/podiPowerman.jpg",496,727,false],"1536x1536":["https:\/\/fetrib.com\/web\/wp-content\/uploads\/2017\/02\/podiPowerman.jpg",496,727,false],"2048x2048":["https:\/\/fetrib.com\/web\/wp-content\/uploads\/2017\/02\/podiPowerman.jpg",496,727,false],"tie-small":["https:\/\/fetrib.com\/web\/wp-content\/uploads\/2017\/02\/podiPowerman-70x70.jpg",70,70,true],"tie-large":["https:\/\/fetrib.com\/web\/wp-content\/uploads\/2017\/02\/podiPowerman-300x160.jpg",300,160,true],"slider":["https:\/\/fetrib.com\/web\/wp-content\/uploads\/2017\/02\/podiPowerman-496x330.jpg",496,330,true]},"uagb_author_info":{"display_name":"admin","author_link":"https:\/\/fetrib.com\/web\/author\/admin\/"},"uagb_comment_info":0,"uagb_excerpt":"\u00a0 Miguel Angel Fidalgo y Mavi Garc\u00eda repiten trono reeditando el t\u00edtulo de campeones de baleares de Duatl\u00f3n Larga Distancia. La prueba sobre una distancia de 10km de carrera,60km de ciclismo y otros 10km de carrera para finalizar,bajo la inestabilidad de viento y lluvia duranta toda la prueba,estuvo comandada en cabeza de principio a fin&hellip;","_links":{"self":[{"href":"https:\/\/fetrib.com\/web\/wp-json\/wp\/v2\/posts\/719","targetHints":{"allow":["GET"]}}],"collection":[{"href":"https:\/\/fetrib.com\/web\/wp-json\/wp\/v2\/posts"}],"about":[{"href":"https:\/\/fetrib.com\/web\/wp-json\/wp\/v2\/types\/post"}],"author":[{"embeddable":true,"href":"https:\/\/fetrib.com\/web\/wp-json\/wp\/v2\/users\/1"}],"replies":[{"embeddable":true,"href":"https:\/\/fetrib.com\/web\/wp-json\/wp\/v2\/comments?post=719"}],"version-history":[{"count":0,"href":"https:\/\/fetrib.com\/web\/wp-json\/wp\/v2\/posts\/719\/revisions"}],"wp:featuredmedia":[{"embeddable":true,"href":"https:\/\/fetrib.com\/web\/wp-json\/wp\/v2\/media\/718"}],"wp:attachment":[{"href":"https:\/\/fetrib.com\/web\/wp-json\/wp\/v2\/media?parent=719"}],"wp:term":[{"taxonomy":"category","embeddable":true,"href":"https:\/\/fetrib.com\/web\/wp-json\/wp\/v2\/categories?post=719"},{"taxonomy":"post_tag","embeddable":true,"href":"https:\/\/fetrib.com\/web\/wp-json\/wp\/v2\/tags?post=719"}],"curies":[{"name":"wp","href":"https:\/\/api.w.org\/{rel}","templated":true}]}}