{"id":722,"date":"2017-03-09T10:39:35","date_gmt":"2017-03-09T10:39:35","guid":{"rendered":"http:\/\/www.fetrib.com\/web2018\/uncategorised\/miquel-valls-y-marga-fullana-campeones-de-baleares-de-duatlon-cross\/"},"modified":"2017-03-09T10:39:35","modified_gmt":"2017-03-09T10:39:35","slug":"miquel-valls-y-marga-fullana-campeones-de-baleares-de-duatlon-cross","status":"publish","type":"post","link":"https:\/\/fetrib.com\/web\/2017\/03\/09\/miquel-valls-y-marga-fullana-campeones-de-baleares-de-duatlon-cross\/","title":{"rendered":"Miquel Valls y Marga Fullana Campeones de Baleares de Duatl\u00f3n Cross"},"content":{"rendered":"<p><img decoding=\"async\" class=\" size-full wp-image-721\" src=\"http:\/\/fetrib.com\/web\/wp-content\/uploads\/2017\/03\/podi-festival-park.jpg\" border=\"0\" alt=\"\" width=\"75%\" style=\"display: block; margin-left: auto; margin-right: auto;\" srcset=\"https:\/\/fetrib.com\/web\/wp-content\/uploads\/2017\/03\/podi-festival-park.jpg 660w, https:\/\/fetrib.com\/web\/wp-content\/uploads\/2017\/03\/podi-festival-park-205x300.jpg 205w\" sizes=\"(max-width: 660px) 100vw, 660px\" \/><\/p>\n<p>Miquel Valls y Marga Fullana consiguen el t\u00edtulo de Campeones de Baleares absoluto de Duatl\u00f3n Cross 2017 disputado bajo el marco organizativo del Duatl\u00f3n Cross de Festival Parc.<br \/> En categor\u00eda masculina, el podium balear lo completaron, Juanan Fernandez 2\u00b0 y Albert Gelabert que finaliz\u00f3 3\u00b0<br \/> En categor\u00eda femenina Paula Oliver finaliz\u00f3 2\u00b0 y Andrea Tom\u00e1s 3\u00b0.<br \/> El t\u00edtulo para clubs fue para el BJAluminox Ctc,por delante del DuetCiclismoenMallorca y el GE Garden Hotels.<\/p>\n","protected":false},"excerpt":{"rendered":"<p>Miquel Valls y Marga Fullana consiguen el t\u00edtulo de Campeones de Baleares absoluto de Duatl\u00f3n Cross 2017 disputado bajo el marco organizativo del Duatl\u00f3n Cross de Festival Parc. En categor\u00eda masculina, el podium balear lo completaron, Juanan Fernandez 2\u00b0 y Albert Gelabert que finaliz\u00f3 3\u00b0 En categor\u00eda femenina Paula Oliver finaliz\u00f3 2\u00b0 y Andrea Tom\u00e1s &#8230;<\/p>\n","protected":false},"author":1,"featured_media":721,"comment_status":"open","ping_status":"open","sticky":false,"template":"","format":"standard","meta":{"_uag_custom_page_level_css":"","footnotes":""},"categories":[46],"tags":[],"class_list":["post-722","post","type-post","status-publish","format-standard","has-post-thumbnail","hentry","category-triatlo"],"uagb_featured_image_src":{"full":["https:\/\/fetrib.com\/web\/wp-content\/uploads\/2017\/03\/podi-festival-park.jpg",660,967,false],"thumbnail":["https:\/\/fetrib.com\/web\/wp-content\/uploads\/2017\/03\/podi-festival-park-150x150.jpg",150,150,true],"medium":["https:\/\/fetrib.com\/web\/wp-content\/uploads\/2017\/03\/podi-festival-park-205x300.jpg",205,300,true],"medium_large":["https:\/\/fetrib.com\/web\/wp-content\/uploads\/2017\/03\/podi-festival-park.jpg",620,908,false],"large":["https:\/\/fetrib.com\/web\/wp-content\/uploads\/2017\/03\/podi-festival-park.jpg",620,908,false],"1536x1536":["https:\/\/fetrib.com\/web\/wp-content\/uploads\/2017\/03\/podi-festival-park.jpg",660,967,false],"2048x2048":["https:\/\/fetrib.com\/web\/wp-content\/uploads\/2017\/03\/podi-festival-park.jpg",660,967,false],"tie-small":["https:\/\/fetrib.com\/web\/wp-content\/uploads\/2017\/03\/podi-festival-park-70x70.jpg",70,70,true],"tie-large":["https:\/\/fetrib.com\/web\/wp-content\/uploads\/2017\/03\/podi-festival-park-300x160.jpg",300,160,true],"slider":["https:\/\/fetrib.com\/web\/wp-content\/uploads\/2017\/03\/podi-festival-park-620x330.jpg",620,330,true]},"uagb_author_info":{"display_name":"admin","author_link":"https:\/\/fetrib.com\/web\/author\/admin\/"},"uagb_comment_info":0,"uagb_excerpt":"Miquel Valls y Marga Fullana consiguen el t\u00edtulo de Campeones de Baleares absoluto de Duatl\u00f3n Cross 2017 disputado bajo el marco organizativo del Duatl\u00f3n Cross de Festival Parc. En categor\u00eda masculina, el podium balear lo completaron, Juanan Fernandez 2\u00b0 y Albert Gelabert que finaliz\u00f3 3\u00b0 En categor\u00eda femenina Paula Oliver finaliz\u00f3 2\u00b0 y Andrea Tom\u00e1s&hellip;","_links":{"self":[{"href":"https:\/\/fetrib.com\/web\/wp-json\/wp\/v2\/posts\/722","targetHints":{"allow":["GET"]}}],"collection":[{"href":"https:\/\/fetrib.com\/web\/wp-json\/wp\/v2\/posts"}],"about":[{"href":"https:\/\/fetrib.com\/web\/wp-json\/wp\/v2\/types\/post"}],"author":[{"embeddable":true,"href":"https:\/\/fetrib.com\/web\/wp-json\/wp\/v2\/users\/1"}],"replies":[{"embeddable":true,"href":"https:\/\/fetrib.com\/web\/wp-json\/wp\/v2\/comments?post=722"}],"version-history":[{"count":0,"href":"https:\/\/fetrib.com\/web\/wp-json\/wp\/v2\/posts\/722\/revisions"}],"wp:featuredmedia":[{"embeddable":true,"href":"https:\/\/fetrib.com\/web\/wp-json\/wp\/v2\/media\/721"}],"wp:attachment":[{"href":"https:\/\/fetrib.com\/web\/wp-json\/wp\/v2\/media?parent=722"}],"wp:term":[{"taxonomy":"category","embeddable":true,"href":"https:\/\/fetrib.com\/web\/wp-json\/wp\/v2\/categories?post=722"},{"taxonomy":"post_tag","embeddable":true,"href":"https:\/\/fetrib.com\/web\/wp-json\/wp\/v2\/tags?post=722"}],"curies":[{"name":"wp","href":"https:\/\/api.w.org\/{rel}","templated":true}]}}