{"id":723,"date":"2017-03-09T22:34:00","date_gmt":"2017-03-09T22:34:00","guid":{"rendered":"http:\/\/www.fetrib.com\/web2018\/proceso-electoral-2012\/eleccions-2016\/composicio-assemblea\/"},"modified":"2017-03-09T22:34:00","modified_gmt":"2017-03-09T22:34:00","slug":"composicio-assemblea","status":"publish","type":"post","link":"https:\/\/fetrib.com\/web\/2017\/03\/09\/composicio-assemblea\/","title":{"rendered":"Composici\u00f3 assemblea"},"content":{"rendered":"<p><img loading=\"lazy\" decoding=\"async\" class=\" size-full wp-image-420\" src=\"http:\/\/fetrib.com\/web\/wp-content\/uploads\/2014\/02\/logo-fetrib-web.jpg\" border=\"0\" alt=\"\" style=\"display: block; margin-left: auto; margin-right: auto;\" width=\"196\" height=\"168\" \/><\/p>\n<p>\u00a0<\/p>\n<p><span style=\"font-size: small;\">JUNTA ELECTORAL FEDERACI\u00d3 DE TRIATL\u00d3 DE LES ILLES BALEARS<br \/><\/span><\/p>\n<p><span style=\"font-size: small;\">PROCESO ELECTORAL 2016<\/span><\/p>\n<p>\u00a0<span style=\"font-size: small;\">Fecha: 10-03-2017<\/span><\/p>\n<p>\u00a0<\/p>\n<p><span style=\"font-size: small;\">La junta electoral, despr\u00e9s de les votacions celebrades entre els candidats a assembleistes resol la composici\u00f3 final de l&#8217;assemblea de la FETRIB per els propers 4 anys.<br \/><\/span><\/p>\n<p><span style=\"font-size: small;\"><a href=\"eleccions2016\/Resultat_final_assemblea.pdf\">Resultat_final_assemblea.pdf<\/a><br \/><\/span><\/p>\n<p>Davant aquesta composici\u00f3 es poden efectuar alegacions davant la junta electoral en els propers 3 dies.<\/p>\n<p>\u00a0<\/p>\n<p>\u00a0<\/p>\n","protected":false},"excerpt":{"rendered":"<p>\u00a0 JUNTA ELECTORAL FEDERACI\u00d3 DE TRIATL\u00d3 DE LES ILLES BALEARS PROCESO ELECTORAL 2016 \u00a0Fecha: 10-03-2017 \u00a0 La junta electoral, despr\u00e9s de les votacions celebrades entre els candidats a assembleistes resol la composici\u00f3 final de l&#8217;assemblea de la FETRIB per els propers 4 anys. Resultat_final_assemblea.pdf Davant aquesta composici\u00f3 es poden efectuar alegacions davant la junta electoral &#8230;<\/p>\n","protected":false},"author":1,"featured_media":420,"comment_status":"open","ping_status":"open","sticky":false,"template":"","format":"standard","meta":{"_uag_custom_page_level_css":"","footnotes":""},"categories":[51],"tags":[],"class_list":["post-723","post","type-post","status-publish","format-standard","has-post-thumbnail","hentry","category-eleccions-2016"],"uagb_featured_image_src":{"full":["https:\/\/fetrib.com\/web\/wp-content\/uploads\/2014\/02\/logo-fetrib-web.jpg",196,168,false],"thumbnail":["https:\/\/fetrib.com\/web\/wp-content\/uploads\/2014\/02\/logo-fetrib-web-150x150.jpg",150,150,true],"medium":["https:\/\/fetrib.com\/web\/wp-content\/uploads\/2014\/02\/logo-fetrib-web.jpg",196,168,false],"medium_large":["https:\/\/fetrib.com\/web\/wp-content\/uploads\/2014\/02\/logo-fetrib-web.jpg",196,168,false],"large":["https:\/\/fetrib.com\/web\/wp-content\/uploads\/2014\/02\/logo-fetrib-web.jpg",196,168,false],"1536x1536":["https:\/\/fetrib.com\/web\/wp-content\/uploads\/2014\/02\/logo-fetrib-web.jpg",196,168,false],"2048x2048":["https:\/\/fetrib.com\/web\/wp-content\/uploads\/2014\/02\/logo-fetrib-web.jpg",196,168,false],"tie-small":["https:\/\/fetrib.com\/web\/wp-content\/uploads\/2014\/02\/logo-fetrib-web-70x70.jpg",70,70,true],"tie-large":["https:\/\/fetrib.com\/web\/wp-content\/uploads\/2014\/02\/logo-fetrib-web-196x160.jpg",196,160,true],"slider":["https:\/\/fetrib.com\/web\/wp-content\/uploads\/2014\/02\/logo-fetrib-web.jpg",196,168,false]},"uagb_author_info":{"display_name":"admin","author_link":"https:\/\/fetrib.com\/web\/author\/admin\/"},"uagb_comment_info":0,"uagb_excerpt":"\u00a0 JUNTA ELECTORAL FEDERACI\u00d3 DE TRIATL\u00d3 DE LES ILLES BALEARS PROCESO ELECTORAL 2016 \u00a0Fecha: 10-03-2017 \u00a0 La junta electoral, despr\u00e9s de les votacions celebrades entre els candidats a assembleistes resol la composici\u00f3 final de l&#8217;assemblea de la FETRIB per els propers 4 anys. Resultat_final_assemblea.pdf Davant aquesta composici\u00f3 es poden efectuar alegacions davant la junta electoral&hellip;","_links":{"self":[{"href":"https:\/\/fetrib.com\/web\/wp-json\/wp\/v2\/posts\/723","targetHints":{"allow":["GET"]}}],"collection":[{"href":"https:\/\/fetrib.com\/web\/wp-json\/wp\/v2\/posts"}],"about":[{"href":"https:\/\/fetrib.com\/web\/wp-json\/wp\/v2\/types\/post"}],"author":[{"embeddable":true,"href":"https:\/\/fetrib.com\/web\/wp-json\/wp\/v2\/users\/1"}],"replies":[{"embeddable":true,"href":"https:\/\/fetrib.com\/web\/wp-json\/wp\/v2\/comments?post=723"}],"version-history":[{"count":0,"href":"https:\/\/fetrib.com\/web\/wp-json\/wp\/v2\/posts\/723\/revisions"}],"wp:featuredmedia":[{"embeddable":true,"href":"https:\/\/fetrib.com\/web\/wp-json\/wp\/v2\/media\/420"}],"wp:attachment":[{"href":"https:\/\/fetrib.com\/web\/wp-json\/wp\/v2\/media?parent=723"}],"wp:term":[{"taxonomy":"category","embeddable":true,"href":"https:\/\/fetrib.com\/web\/wp-json\/wp\/v2\/categories?post=723"},{"taxonomy":"post_tag","embeddable":true,"href":"https:\/\/fetrib.com\/web\/wp-json\/wp\/v2\/tags?post=723"}],"curies":[{"name":"wp","href":"https:\/\/api.w.org\/{rel}","templated":true}]}}