{"id":737,"date":"2017-03-21T21:51:32","date_gmt":"2017-03-21T21:51:32","guid":{"rendered":"http:\/\/www.fetrib.com\/web2018\/news\/latest-news\/exito-del-triatlon-balear-femenino\/"},"modified":"2017-03-21T21:51:32","modified_gmt":"2017-03-21T21:51:32","slug":"exito-del-triatlon-balear-femenino","status":"publish","type":"post","link":"https:\/\/fetrib.com\/web\/2017\/03\/21\/exito-del-triatlon-balear-femenino\/","title":{"rendered":"\u00c9xito del triatlon Balear Femenino"},"content":{"rendered":"<p><img decoding=\"async\" class=\" size-full wp-image-735\" src=\"http:\/\/fetrib.com\/web\/wp-content\/uploads\/2017\/03\/IMG_20170319_215007.jpg\" border=\"0\" alt=\"\" width=\"75%\" style=\"display: block; margin-left: auto; margin-right: auto;\" srcset=\"https:\/\/fetrib.com\/web\/wp-content\/uploads\/2017\/03\/IMG_20170319_215007.jpg 1080w, https:\/\/fetrib.com\/web\/wp-content\/uploads\/2017\/03\/IMG_20170319_215007-300x166.jpg 300w, https:\/\/fetrib.com\/web\/wp-content\/uploads\/2017\/03\/IMG_20170319_215007-768x425.jpg 768w, https:\/\/fetrib.com\/web\/wp-content\/uploads\/2017\/03\/IMG_20170319_215007-1024x567.jpg 1024w\" sizes=\"(max-width: 1080px) 100vw, 1080px\" \/><\/p>\n<p>La triatl\u00f3n y duatl\u00f3n balear femenino sigue siendo protagonista dentro del triatl\u00f3n nacional con las convocatorias de la joven cadete Sofia Hamad que ha participado en el Encuentro Nacional Iberdrola &#8211; Universo Mujer \u201cGesti\u00f3n del Talento\u00bb y la junior,Laia Riudavets, que fue convocada para concentraci\u00f3n nacional Junior. Ambas triatletas junto a las recientes campeonas \u00a0de Espa\u00f1a de duatl\u00f3n por equipos, Carol Sitges, Yessica Perez,Michelle Flipo, encabezadas por Mavi Garc\u00eda,que sum\u00f3 tres t\u00edtulos nacionales en 1 semana,Paula Oliver como destacada cadete,Xisca Tous con exitos nacionales y junto a la historica \u00a0Marga Fullana, situan el triatl\u00f3n y duatl\u00f3n femenino balear en una situaci\u00f3n privilegiada.<\/p>\n<p><img decoding=\"async\" class=\" size-full wp-image-736\" src=\"http:\/\/fetrib.com\/web\/wp-content\/uploads\/2017\/03\/IMG_20170320_103157.jpg\" border=\"0\" alt=\"\" width=\"75%\" style=\"display: block; margin-left: auto; margin-right: auto;\" srcset=\"https:\/\/fetrib.com\/web\/wp-content\/uploads\/2017\/03\/IMG_20170320_103157.jpg 1080w, https:\/\/fetrib.com\/web\/wp-content\/uploads\/2017\/03\/IMG_20170320_103157-300x179.jpg 300w, https:\/\/fetrib.com\/web\/wp-content\/uploads\/2017\/03\/IMG_20170320_103157-768x459.jpg 768w, https:\/\/fetrib.com\/web\/wp-content\/uploads\/2017\/03\/IMG_20170320_103157-1024x612.jpg 1024w\" sizes=\"(max-width: 1080px) 100vw, 1080px\" \/><\/p>\n","protected":false},"excerpt":{"rendered":"<p>La triatl\u00f3n y duatl\u00f3n balear femenino sigue siendo protagonista dentro del triatl\u00f3n nacional con las convocatorias de la joven cadete Sofia Hamad que ha participado en el Encuentro Nacional Iberdrola &#8211; Universo Mujer \u201cGesti\u00f3n del Talento\u00bb y la junior,Laia Riudavets, que fue convocada para concentraci\u00f3n nacional Junior. Ambas triatletas junto a las recientes campeonas \u00a0de &#8230;<\/p>\n","protected":false},"author":1,"featured_media":735,"comment_status":"open","ping_status":"open","sticky":false,"template":"","format":"standard","meta":{"_uag_custom_page_level_css":"","footnotes":""},"categories":[37],"tags":[],"class_list":["post-737","post","type-post","status-publish","format-standard","has-post-thumbnail","hentry","category-latest-news"],"uagb_featured_image_src":{"full":["https:\/\/fetrib.com\/web\/wp-content\/uploads\/2017\/03\/IMG_20170319_215007.jpg",1080,598,false],"thumbnail":["https:\/\/fetrib.com\/web\/wp-content\/uploads\/2017\/03\/IMG_20170319_215007-150x150.jpg",150,150,true],"medium":["https:\/\/fetrib.com\/web\/wp-content\/uploads\/2017\/03\/IMG_20170319_215007-300x166.jpg",300,166,true],"medium_large":["https:\/\/fetrib.com\/web\/wp-content\/uploads\/2017\/03\/IMG_20170319_215007-768x425.jpg",620,343,true],"large":["https:\/\/fetrib.com\/web\/wp-content\/uploads\/2017\/03\/IMG_20170319_215007-1024x567.jpg",620,343,true],"1536x1536":["https:\/\/fetrib.com\/web\/wp-content\/uploads\/2017\/03\/IMG_20170319_215007.jpg",1080,598,false],"2048x2048":["https:\/\/fetrib.com\/web\/wp-content\/uploads\/2017\/03\/IMG_20170319_215007.jpg",1080,598,false],"tie-small":["https:\/\/fetrib.com\/web\/wp-content\/uploads\/2017\/03\/IMG_20170319_215007-70x70.jpg",70,70,true],"tie-large":["https:\/\/fetrib.com\/web\/wp-content\/uploads\/2017\/03\/IMG_20170319_215007-300x160.jpg",300,160,true],"slider":["https:\/\/fetrib.com\/web\/wp-content\/uploads\/2017\/03\/IMG_20170319_215007-620x330.jpg",620,330,true]},"uagb_author_info":{"display_name":"admin","author_link":"https:\/\/fetrib.com\/web\/author\/admin\/"},"uagb_comment_info":0,"uagb_excerpt":"La triatl\u00f3n y duatl\u00f3n balear femenino sigue siendo protagonista dentro del triatl\u00f3n nacional con las convocatorias de la joven cadete Sofia Hamad que ha participado en el Encuentro Nacional Iberdrola &#8211; Universo Mujer \u201cGesti\u00f3n del Talento\u00bb y la junior,Laia Riudavets, que fue convocada para concentraci\u00f3n nacional Junior. Ambas triatletas junto a las recientes campeonas \u00a0de&hellip;","_links":{"self":[{"href":"https:\/\/fetrib.com\/web\/wp-json\/wp\/v2\/posts\/737","targetHints":{"allow":["GET"]}}],"collection":[{"href":"https:\/\/fetrib.com\/web\/wp-json\/wp\/v2\/posts"}],"about":[{"href":"https:\/\/fetrib.com\/web\/wp-json\/wp\/v2\/types\/post"}],"author":[{"embeddable":true,"href":"https:\/\/fetrib.com\/web\/wp-json\/wp\/v2\/users\/1"}],"replies":[{"embeddable":true,"href":"https:\/\/fetrib.com\/web\/wp-json\/wp\/v2\/comments?post=737"}],"version-history":[{"count":0,"href":"https:\/\/fetrib.com\/web\/wp-json\/wp\/v2\/posts\/737\/revisions"}],"wp:featuredmedia":[{"embeddable":true,"href":"https:\/\/fetrib.com\/web\/wp-json\/wp\/v2\/media\/735"}],"wp:attachment":[{"href":"https:\/\/fetrib.com\/web\/wp-json\/wp\/v2\/media?parent=737"}],"wp:term":[{"taxonomy":"category","embeddable":true,"href":"https:\/\/fetrib.com\/web\/wp-json\/wp\/v2\/categories?post=737"},{"taxonomy":"post_tag","embeddable":true,"href":"https:\/\/fetrib.com\/web\/wp-json\/wp\/v2\/tags?post=737"}],"curies":[{"name":"wp","href":"https:\/\/api.w.org\/{rel}","templated":true}]}}