{"id":750,"date":"2017-06-12T09:03:55","date_gmt":"2017-06-12T09:03:55","guid":{"rendered":"http:\/\/www.fetrib.com\/web2018\/news\/latest-news\/luka-paliska-y-carolina-sitges-se-llevan-la-victoria-en-andratx\/"},"modified":"2017-06-12T09:03:55","modified_gmt":"2017-06-12T09:03:55","slug":"luka-paliska-y-carolina-sitges-se-llevan-la-victoria-en-andratx","status":"publish","type":"post","link":"https:\/\/fetrib.com\/web\/2017\/06\/12\/luka-paliska-y-carolina-sitges-se-llevan-la-victoria-en-andratx\/","title":{"rendered":"Luka Paliska y Carolina Sitges se llevan la victoria en Andratx"},"content":{"rendered":"<p><img decoding=\"async\" class=\" size-full wp-image-748\" src=\"http:\/\/fetrib.com\/web\/wp-content\/uploads\/2017\/06\/IMG_20170611_190059.jpg\" border=\"0\" alt=\"\" width=\"75%\" style=\"display: block; margin-left: auto; margin-right: auto;\" srcset=\"https:\/\/fetrib.com\/web\/wp-content\/uploads\/2017\/06\/IMG_20170611_190059.jpg 2482w, https:\/\/fetrib.com\/web\/wp-content\/uploads\/2017\/06\/IMG_20170611_190059-300x212.jpg 300w, https:\/\/fetrib.com\/web\/wp-content\/uploads\/2017\/06\/IMG_20170611_190059-768x544.jpg 768w, https:\/\/fetrib.com\/web\/wp-content\/uploads\/2017\/06\/IMG_20170611_190059-1024x725.jpg 1024w\" sizes=\"(max-width: 2482px) 100vw, 2482px\" \/><\/p>\n<p>La edici\u00f3n 19\u00b0 \u00a0sera recordada por el gran nivel de los participantes de la prueba gracias a la la inedita categor\u00eda de Elites en Andratx al ser prueba nacional.<\/p>\n<p>  <!--more-->  <\/p>\n<p> La victoria en categor\u00eda masculina fue para Luka paliska ( Universidad de Alicante) por delante de Nil Riudavets y Carlos Oliver,ambos, del ( Ferrer Hotels- Mt3) destacando el fuera de juego de Lucas Mola,vencedor en la pasada edici\u00f3n,que abandon\u00f3 al inicio de la carrera a pie cuando era favorito.<br \/> En chicas Carolina Sitges ( Ferrer Hotels- M3T) repiti\u00f3 victoria y remontada como y hiciera en \u00a0la pasada edici\u00f3n,esta vez,por delante de Gemma Llabr\u00e9s ( AEEntrenamientoGlobal ) y Laia Riudavets ( Ferrer Hotels M3T).<br \/> Paralelamente se disput\u00f3 la prueba Open Clasic con victoria para Dolores Fernandez y Juan Antonio Fernandez<\/p>\n<p><img decoding=\"async\" class=\" size-full wp-image-749\" src=\"http:\/\/fetrib.com\/web\/wp-content\/uploads\/2017\/06\/IMG_20170611_185941.jpg\" border=\"0\" alt=\"\" width=\"75%\" style=\"display: block; margin-left: auto; margin-right: auto;\" srcset=\"https:\/\/fetrib.com\/web\/wp-content\/uploads\/2017\/06\/IMG_20170611_185941.jpg 2909w, https:\/\/fetrib.com\/web\/wp-content\/uploads\/2017\/06\/IMG_20170611_185941-300x185.jpg 300w, https:\/\/fetrib.com\/web\/wp-content\/uploads\/2017\/06\/IMG_20170611_185941-768x474.jpg 768w, https:\/\/fetrib.com\/web\/wp-content\/uploads\/2017\/06\/IMG_20170611_185941-1024x633.jpg 1024w\" sizes=\"(max-width: 2909px) 100vw, 2909px\" \/><br \/> Por catorias los vencedores fueron para Agn\u00e9s Perell\u00f3 y Alvaro Sagrado en Cadetes,Miguel Angel Capo en Juniors,Rafael Segui en Sub23 y Jose Ignasio Cordero en Vet1,mientras que el mejor \u00a0local fue Daniel Pons.<br \/> Por clubs la victoria fue para el Ferrer Hotels M3T por delante del Xtrem Calvia y CNLlucmajor.<br \/> La coordinaci\u00f3n de la prueba a corrido a cargo del CCAndratx bajo la organizaci\u00f3n del Ayuntamiento de Andratx y la colaboraci\u00f3n de la Federaci\u00f3 Triatl\u00f3 de les Illes Balears y la Fetri.<\/p>\n","protected":false},"excerpt":{"rendered":"<p>La edici\u00f3n 19\u00b0 \u00a0sera recordada por el gran nivel de los participantes de la prueba gracias a la la inedita categor\u00eda de Elites en Andratx al ser prueba nacional.<\/p>\n","protected":false},"author":1,"featured_media":748,"comment_status":"open","ping_status":"open","sticky":false,"template":"","format":"standard","meta":{"_uag_custom_page_level_css":"","footnotes":""},"categories":[37],"tags":[],"class_list":["post-750","post","type-post","status-publish","format-standard","has-post-thumbnail","hentry","category-latest-news"],"uagb_featured_image_src":{"full":["https:\/\/fetrib.com\/web\/wp-content\/uploads\/2017\/06\/IMG_20170611_190059.jpg",2482,1757,false],"thumbnail":["https:\/\/fetrib.com\/web\/wp-content\/uploads\/2017\/06\/IMG_20170611_190059-150x150.jpg",150,150,true],"medium":["https:\/\/fetrib.com\/web\/wp-content\/uploads\/2017\/06\/IMG_20170611_190059-300x212.jpg",300,212,true],"medium_large":["https:\/\/fetrib.com\/web\/wp-content\/uploads\/2017\/06\/IMG_20170611_190059-768x544.jpg",620,439,true],"large":["https:\/\/fetrib.com\/web\/wp-content\/uploads\/2017\/06\/IMG_20170611_190059-1024x725.jpg",620,439,true],"1536x1536":["https:\/\/fetrib.com\/web\/wp-content\/uploads\/2017\/06\/IMG_20170611_190059.jpg",1536,1087,false],"2048x2048":["https:\/\/fetrib.com\/web\/wp-content\/uploads\/2017\/06\/IMG_20170611_190059.jpg",2048,1450,false],"tie-small":["https:\/\/fetrib.com\/web\/wp-content\/uploads\/2017\/06\/IMG_20170611_190059-70x70.jpg",70,70,true],"tie-large":["https:\/\/fetrib.com\/web\/wp-content\/uploads\/2017\/06\/IMG_20170611_190059-300x160.jpg",300,160,true],"slider":["https:\/\/fetrib.com\/web\/wp-content\/uploads\/2017\/06\/IMG_20170611_190059-620x330.jpg",620,330,true]},"uagb_author_info":{"display_name":"admin","author_link":"https:\/\/fetrib.com\/web\/author\/admin\/"},"uagb_comment_info":0,"uagb_excerpt":"La edici\u00f3n 19\u00b0 \u00a0sera recordada por el gran nivel de los participantes de la prueba gracias a la la inedita categor\u00eda de Elites en Andratx al ser prueba nacional.","_links":{"self":[{"href":"https:\/\/fetrib.com\/web\/wp-json\/wp\/v2\/posts\/750","targetHints":{"allow":["GET"]}}],"collection":[{"href":"https:\/\/fetrib.com\/web\/wp-json\/wp\/v2\/posts"}],"about":[{"href":"https:\/\/fetrib.com\/web\/wp-json\/wp\/v2\/types\/post"}],"author":[{"embeddable":true,"href":"https:\/\/fetrib.com\/web\/wp-json\/wp\/v2\/users\/1"}],"replies":[{"embeddable":true,"href":"https:\/\/fetrib.com\/web\/wp-json\/wp\/v2\/comments?post=750"}],"version-history":[{"count":0,"href":"https:\/\/fetrib.com\/web\/wp-json\/wp\/v2\/posts\/750\/revisions"}],"wp:featuredmedia":[{"embeddable":true,"href":"https:\/\/fetrib.com\/web\/wp-json\/wp\/v2\/media\/748"}],"wp:attachment":[{"href":"https:\/\/fetrib.com\/web\/wp-json\/wp\/v2\/media?parent=750"}],"wp:term":[{"taxonomy":"category","embeddable":true,"href":"https:\/\/fetrib.com\/web\/wp-json\/wp\/v2\/categories?post=750"},{"taxonomy":"post_tag","embeddable":true,"href":"https:\/\/fetrib.com\/web\/wp-json\/wp\/v2\/tags?post=750"}],"curies":[{"name":"wp","href":"https:\/\/api.w.org\/{rel}","templated":true}]}}