{"id":752,"date":"2017-06-13T07:44:48","date_gmt":"2017-06-13T07:44:48","guid":{"rendered":"http:\/\/www.fetrib.com\/web2018\/news\/latest-news\/convocatoria-seleccions-autonomiques\/"},"modified":"2017-06-13T07:44:48","modified_gmt":"2017-06-13T07:44:48","slug":"convocatoria-seleccions-autonomiques","status":"publish","type":"post","link":"https:\/\/fetrib.com\/web\/2017\/06\/13\/convocatoria-seleccions-autonomiques\/","title":{"rendered":"Convocat\u00f2ria seleccions auton\u00f2miques"},"content":{"rendered":"\n<p><img loading=\"lazy\" decoding=\"async\" class=\" size-full wp-image-420\" src=\"http:\/\/fetrib.com\/web\/wp-content\/uploads\/2014\/02\/logo-fetrib-web.jpg\" border=\"0\" alt=\"\" style=\"display: block; margin-left: auto; margin-right: auto;\" width=\"196\" height=\"168\" \/><\/p>\n<p>El 24 i 25 de juny de 2017 es disputar\u00e0 el Campionat d\u2019Espanya de Triatl\u00f3 per Autonomies i el campionat Escolar a la localitat d\u2019Almansa.<\/p>\n<p>La FETRIB t\u00e9 el prop\u00f2sit de participar amb 2 seleccions a cada un dels events.<\/p>\n<p>La FETRIB assumir\u00e0 les despeses del transport, allotjament i dietes de cada un dels esportistes seleccionats.<\/p>\n<p style=\"text-align: center;\"><strong>Campionat d\u2019Espanya de Triatl\u00f3 per Autonomies<\/strong><\/p>\n<p><strong>Selecci\u00f3 masculina:<\/strong><\/p>\n<p style=\"padding-left: 30px;\">\u2022 Nil Riudavets Victory. Ferrer Hotels M3T<br \/>\u2022 Carlos Oliver Vives. Ferrer Hotels M3T<br \/>\u2022 Biel Forteza. C. N. Llucmajor<br \/>\u2022 Biel Oliver Ramon. Ferrer Hotels M3T<br \/>\u2022 Lucas Mola Diaz. ADA Calvi\u00e0<br \/>\u2022 Miguel Angel Fidalgo. Ferrer Hotels M3T<\/p>\n<p>Suplent 1: Toni Llull Amer. Flor de triatl\u00f3<br \/>Suplent 2: Miquel Riusech. Duet Ciclismo en Mallorca<\/p>\n<p><strong>Selecci\u00f3 femenina:<\/strong><\/p>\n<p style=\"padding-left: 30px;\">\u2022 Carolina Sitges. Ferrer Hotels M3T<br \/>\u2022 Gemma Llabr\u00e9s Busch. A.E. Entrenamientoglobal<br \/>\u2022 Xisca Tous Servera. Diablillos de Rivas<br \/>\u2022 Laia Riudavets Victory. Ferrer Hotels M3T<br \/>\u2022 M\u00aa de Lluc Gascu\u00f1ana Granados. Ferrer Hotels M3T<br \/>\u2022 Ana Soler Guardia. Xtrem Calvi\u00e0 Triatl\u00f3<\/p>\n<p>Suplent 1: Francisca de Villalonga Zaforteza. C. Triman Bicicletes Caldentey.<br \/>Suplent 2: Cati Villalonga LLufriu. Triats.som<\/p>\n<p style=\"text-align: center;\"><strong>Campionat d\u2019Espanya de Triatl\u00f3 Escolar<\/strong><\/p>\n<p><strong>Selecci\u00f3 masculina:<\/strong><\/p>\n<p style=\"padding-left: 30px;\">\u2022 Alvaro Sagrado P\u00e9rez. Duet Ciclismo en Mallorca<br \/>\u2022 Tiago Astorga Losada. Duet Ciclismo en Mallorca<br \/>\u2022 Joan Saez Barcel\u00f3. Xtrem Cavi\u00e0 Triatl\u00f3<br \/>\u2022 Rafel Adrover: C. N. Llucmajor<\/p>\n<p>Suplent: Miquel Valls. A. E. Entrenamientoglobal<\/p>\n<p><strong>Selecci\u00f3 femenina:<\/strong><\/p>\n<p style=\"padding-left: 30px;\">\u2022 Paula Oliver Vives. Ferrer Hotels MT3<br \/>\u2022 Andrea Tomas Morcillo. A.E. Entrenamientoglobal<br \/>\u2022 Sofia Hamad Serra. Duet Ciclismo en Mallorca<br \/>\u2022 Tekla Boda. Ferrer Hotels M3T<\/p>\n<p>Suplent: Julia Gallego de Ab\u00e1solo. Duet Ciclismo en Mallorca<\/p>\n<p>En cas de que algun esportista no pugui participar el suplent ocupar\u00e0 el seu lloc. Si algun dels esportistes no pot<br \/>participar es prega que ho comuniqui abans de dia 15-06-2017 al correu dtecnica@fetrib.com o al 679917360.<\/p>\n<p>La direcci\u00f3 t\u00e8cnica Fetrib<\/p>\n<p><a href=\"http:\/\/fetrib.com\/web\/wp-content\/uploads\/2017\/06\/AbsolutAlmansa2017.pdf\">Convocat\u00f2ria Absoluta<\/a><\/p>\n<p><a href=\"PDF\/AbsolutAlmansa2017.pdf.pdf\">Convocat\u00f2ria Escolar<\/a><\/p>\n<p>\u00a0<\/p>\n","protected":false},"excerpt":{"rendered":"<p>El 24 i 25 de juny de 2017 es disputar\u00e0 el Campionat d\u2019Espanya de Triatl\u00f3 per Autonomies i el campionat Escolar a la localitat d\u2019Almansa. La FETRIB t\u00e9 el prop\u00f2sit de participar amb 2 seleccions a cada un dels events. La FETRIB assumir\u00e0 les despeses del transport, allotjament i dietes de cada un dels esportistes &#8230;<\/p>\n","protected":false},"author":1,"featured_media":420,"comment_status":"open","ping_status":"open","sticky":false,"template":"","format":"standard","meta":{"_uag_custom_page_level_css":"","footnotes":""},"categories":[37],"tags":[],"class_list":["post-752","post","type-post","status-publish","format-standard","has-post-thumbnail","hentry","category-latest-news"],"uagb_featured_image_src":{"full":["https:\/\/fetrib.com\/web\/wp-content\/uploads\/2014\/02\/logo-fetrib-web.jpg",196,168,false],"thumbnail":["https:\/\/fetrib.com\/web\/wp-content\/uploads\/2014\/02\/logo-fetrib-web-150x150.jpg",150,150,true],"medium":["https:\/\/fetrib.com\/web\/wp-content\/uploads\/2014\/02\/logo-fetrib-web.jpg",196,168,false],"medium_large":["https:\/\/fetrib.com\/web\/wp-content\/uploads\/2014\/02\/logo-fetrib-web.jpg",196,168,false],"large":["https:\/\/fetrib.com\/web\/wp-content\/uploads\/2014\/02\/logo-fetrib-web.jpg",196,168,false],"1536x1536":["https:\/\/fetrib.com\/web\/wp-content\/uploads\/2014\/02\/logo-fetrib-web.jpg",196,168,false],"2048x2048":["https:\/\/fetrib.com\/web\/wp-content\/uploads\/2014\/02\/logo-fetrib-web.jpg",196,168,false],"tie-small":["https:\/\/fetrib.com\/web\/wp-content\/uploads\/2014\/02\/logo-fetrib-web-70x70.jpg",70,70,true],"tie-large":["https:\/\/fetrib.com\/web\/wp-content\/uploads\/2014\/02\/logo-fetrib-web-196x160.jpg",196,160,true],"slider":["https:\/\/fetrib.com\/web\/wp-content\/uploads\/2014\/02\/logo-fetrib-web.jpg",196,168,false]},"uagb_author_info":{"display_name":"admin","author_link":"https:\/\/fetrib.com\/web\/author\/admin\/"},"uagb_comment_info":0,"uagb_excerpt":"El 24 i 25 de juny de 2017 es disputar\u00e0 el Campionat d\u2019Espanya de Triatl\u00f3 per Autonomies i el campionat Escolar a la localitat d\u2019Almansa. La FETRIB t\u00e9 el prop\u00f2sit de participar amb 2 seleccions a cada un dels events. La FETRIB assumir\u00e0 les despeses del transport, allotjament i dietes de cada un dels esportistes&hellip;","_links":{"self":[{"href":"https:\/\/fetrib.com\/web\/wp-json\/wp\/v2\/posts\/752","targetHints":{"allow":["GET"]}}],"collection":[{"href":"https:\/\/fetrib.com\/web\/wp-json\/wp\/v2\/posts"}],"about":[{"href":"https:\/\/fetrib.com\/web\/wp-json\/wp\/v2\/types\/post"}],"author":[{"embeddable":true,"href":"https:\/\/fetrib.com\/web\/wp-json\/wp\/v2\/users\/1"}],"replies":[{"embeddable":true,"href":"https:\/\/fetrib.com\/web\/wp-json\/wp\/v2\/comments?post=752"}],"version-history":[{"count":0,"href":"https:\/\/fetrib.com\/web\/wp-json\/wp\/v2\/posts\/752\/revisions"}],"wp:featuredmedia":[{"embeddable":true,"href":"https:\/\/fetrib.com\/web\/wp-json\/wp\/v2\/media\/420"}],"wp:attachment":[{"href":"https:\/\/fetrib.com\/web\/wp-json\/wp\/v2\/media?parent=752"}],"wp:term":[{"taxonomy":"category","embeddable":true,"href":"https:\/\/fetrib.com\/web\/wp-json\/wp\/v2\/categories?post=752"},{"taxonomy":"post_tag","embeddable":true,"href":"https:\/\/fetrib.com\/web\/wp-json\/wp\/v2\/tags?post=752"}],"curies":[{"name":"wp","href":"https:\/\/api.w.org\/{rel}","templated":true}]}}