{"id":76,"date":"2011-06-01T13:16:59","date_gmt":"2011-06-01T13:16:59","guid":{"rendered":"http:\/\/www.fetrib.com\/web2018\/escolar-base\/triatlo-ciutat-de-palma-categories-menors\/"},"modified":"2011-06-01T13:16:59","modified_gmt":"2011-06-01T13:16:59","slug":"triatlo-ciutat-de-palma-categories-menors","status":"publish","type":"post","link":"https:\/\/fetrib.com\/web\/2011\/06\/01\/triatlo-ciutat-de-palma-categories-menors\/","title":{"rendered":"TRIATLO CIUTAT DE PALMA, CATEGORIES MENORS"},"content":{"rendered":"<p style=\"text-align: center;\"><img loading=\"lazy\" decoding=\"async\" src=\"images\/stories\/0h3t4690 copy.jpg\" border=\"0\" width=\"434\" height=\"276\" \/><\/p>\n<p>El pasado s\u00e1bado 28 se disputaron las pruebas de triatl\u00f3n Ciutat de Palma de categor\u00edas menores.<\/p>\n<p>LISTADO RESULTADOS\u00a0 <a href=\"http:\/\/www.fetrib.com\/web2018\/wp-content\/uploads\/2011\/06\/tripalmamenores.pdf\"><img loading=\"lazy\" decoding=\"async\" src=\"images\/stories\/pdflogo.jpg\" border=\"0\" width=\"45\" height=\"58\" \/><\/a><\/p>\n<p>Los ganadores fueron:<\/p>\n<p class=\"MsoNormal\" style=\"line-height: normal; margin: 0cm 0cm 0pt;\"><span style=\"color: #000000;\"><span style=\"font-family: Calibri;\"><strong><span style=\"font-size: 10pt; mso-fareast-font-family: 'Times New Roman'; mso-bidi-font-family: Arial; mso-ansi-language: ES; mso-fareast-language: ES;\">BENJAMI FEMENI:<\/span><\/strong><span style=\"font-size: 10pt; mso-fareast-font-family: 'Times New Roman'; mso-bidi-font-family: Arial; mso-ansi-language: ES; mso-fareast-language: ES;\">\u00a0<\/span><\/span><\/span><\/p>\n<p class=\"MsoNormal\" style=\"line-height: normal; margin: 0cm 0cm 0pt;\"><span style=\"font-size: 10pt; mso-fareast-font-family: 'Times New Roman'; mso-bidi-font-family: Arial; mso-ansi-language: ES; mso-fareast-language: ES;\"><span style=\"color: #000000;\"><span style=\"font-family: Calibri;\">1\u00aa J\u00falia Gallego de Abasolo<\/span><\/span><\/span><\/p>\n<p class=\"MsoNormal\" style=\"line-height: normal; margin: 0cm 0cm 0pt;\"><span style=\"font-size: 10pt; mso-fareast-font-family: 'Times New Roman'; mso-bidi-font-family: Arial; mso-ansi-language: ES; mso-fareast-language: ES;\"><span style=\"color: #000000;\"><span style=\"font-family: Calibri;\">2\u00aa Vicktorya kopytova<\/span><\/span><\/span><\/p>\n<p class=\"MsoNormal\" style=\"line-height: normal; margin: 0cm 0cm 0pt;\"><span style=\"font-size: 10pt; mso-fareast-font-family: 'Times New Roman'; mso-bidi-font-family: Arial; mso-ansi-language: ES; mso-fareast-language: ES;\"><span style=\"color: #000000;\"><span style=\"font-family: Calibri;\">3\u00aa Teresa de la Cruz<\/span><\/span><\/span><\/p>\n<p class=\"MsoNormal\" style=\"line-height: normal; margin: 0cm 0cm 0pt;\"><span style=\"font-size: 10pt; mso-fareast-font-family: 'Times New Roman'; mso-bidi-font-family: Arial; mso-ansi-language: ES; mso-fareast-language: ES;\"><span style=\"font-family: Calibri; color: #000000;\">\u00a0<\/span><\/span><\/p>\n<p class=\"MsoNormal\" style=\"line-height: normal; margin: 0cm 0cm 0pt;\"><strong><span style=\"font-size: 10pt; mso-fareast-font-family: 'Times New Roman'; mso-bidi-font-family: Arial; mso-ansi-language: ES; mso-fareast-language: ES;\"><span style=\"color: #000000;\"><span style=\"font-family: Calibri;\">BENJAMI MASCULI:<\/span><\/span><\/span><\/strong><\/p>\n<p class=\"MsoNormal\" style=\"line-height: normal; margin: 0cm 0cm 0pt;\"><span style=\"font-size: 10pt; mso-fareast-font-family: 'Times New Roman'; mso-bidi-font-family: Arial; mso-ansi-language: ES; mso-fareast-language: ES;\"><span style=\"color: #000000;\"><span style=\"font-family: Calibri;\">1\u00ba Daniel Orts Ruano<\/span><\/span><\/span><\/p>\n<p class=\"MsoNormal\" style=\"line-height: normal; margin: 0cm 0cm 0pt;\"><span style=\"font-size: 10pt; mso-fareast-font-family: 'Times New Roman'; mso-bidi-font-family: Arial; mso-ansi-language: ES; mso-fareast-language: ES;\"><span style=\"color: #000000;\"><span style=\"font-family: Calibri;\">2\u00aa Rafel Joan Bover Llado<\/span><\/span><\/span><\/p>\n<p class=\"MsoNormal\" style=\"line-height: normal; margin: 0cm 0cm 0pt;\"><span style=\"font-size: 10pt; mso-fareast-font-family: 'Times New Roman'; mso-bidi-font-family: Arial; mso-ansi-language: ES; mso-fareast-language: ES;\"><span style=\"color: #000000;\"><span style=\"font-family: Calibri;\">3\u00ba Biel Cort\u00e9s Bibiloni<\/span><\/span><\/span><\/p>\n<p class=\"MsoNormal\" style=\"line-height: normal; margin: 0cm 0cm 0pt;\"><span style=\"font-size: 10pt; mso-fareast-font-family: 'Times New Roman'; mso-bidi-font-family: Arial; mso-ansi-language: ES; mso-fareast-language: ES;\"><span style=\"font-family: Calibri; color: #000000;\">\u00a0<\/span><\/span><\/p>\n<p class=\"MsoNormal\" style=\"line-height: normal; margin: 0cm 0cm 0pt;\"><strong><span style=\"font-size: 10pt; mso-fareast-font-family: 'Times New Roman'; mso-bidi-font-family: Arial; mso-ansi-language: ES; mso-fareast-language: ES;\"><span style=\"color: #000000;\"><span style=\"font-family: Calibri;\">ALEVI FEMENI:<\/span><\/span><\/span><\/strong><\/p>\n<p class=\"MsoNormal\" style=\"line-height: normal; margin: 0cm 0cm 0pt;\"><span style=\"font-size: 10pt; mso-fareast-font-family: 'Times New Roman'; mso-bidi-font-family: Arial; mso-ansi-language: ES; mso-fareast-language: ES;\"><span style=\"color: #000000;\"><span style=\"font-family: Calibri;\">1\u00aa Paula Maria Oliver Vives<\/span><\/span><\/span><\/p>\n<p class=\"MsoNormal\" style=\"line-height: normal; margin: 0cm 0cm 0pt;\"><span style=\"font-size: 10pt; mso-fareast-font-family: 'Times New Roman'; mso-bidi-font-family: Arial; mso-ansi-language: ES; mso-fareast-language: ES;\"><span style=\"color: #000000;\"><span style=\"font-family: Calibri;\">2\u00aa Ana Soler<\/span><\/span><\/span><\/p>\n<p class=\"MsoNormal\" style=\"line-height: normal; margin: 0cm 0cm 0pt;\"><span style=\"font-size: 10pt; mso-fareast-font-family: 'Times New Roman'; mso-bidi-font-family: Arial; mso-ansi-language: ES; mso-fareast-language: ES;\"><span style=\"color: #000000;\"><span style=\"font-family: Calibri;\">3\u00aa Claudia Ballest\u00e9 Ferrer<\/span><\/span><\/span><\/p>\n<p class=\"MsoNormal\" style=\"line-height: normal; margin: 0cm 0cm 0pt;\"><span style=\"font-size: 10pt; mso-fareast-font-family: 'Times New Roman'; mso-bidi-font-family: Arial; mso-ansi-language: ES; mso-fareast-language: ES;\"><span style=\"font-family: Calibri; color: #000000;\">\u00a0<\/span><\/span><\/p>\n<p class=\"MsoNormal\" style=\"line-height: normal; margin: 0cm 0cm 0pt;\"><strong><span style=\"font-size: 10pt; mso-fareast-font-family: 'Times New Roman'; mso-bidi-font-family: Arial; mso-ansi-language: ES; mso-fareast-language: ES;\"><span style=\"color: #000000;\"><span style=\"font-family: Calibri;\">ALEVI <span style=\"mso-spacerun: yes;\">\u00a0<\/span>MASCULI:<\/span><\/span><\/span><\/strong><\/p>\n<p class=\"MsoNormal\" style=\"line-height: normal; margin: 0cm 0cm 0pt;\"><span style=\"font-size: 10pt; mso-fareast-font-family: 'Times New Roman'; mso-bidi-font-family: Arial; mso-ansi-language: ES; mso-fareast-language: ES;\"><span style=\"color: #000000;\"><span style=\"font-family: Calibri;\">1\u00ba Miquel Noguera Tom\u00e0s<\/span><\/span><\/span><\/p>\n<p class=\"MsoNormal\" style=\"line-height: normal; margin: 0cm 0cm 0pt;\"><span style=\"font-size: 10pt; mso-fareast-font-family: 'Times New Roman'; mso-bidi-font-family: Arial; mso-ansi-language: ES; mso-fareast-language: ES;\"><span style=\"color: #000000;\"><span style=\"font-family: Calibri;\">2\u00ba Tristan de la Cruz<\/span><\/span><\/span><\/p>\n<p class=\"MsoNormal\" style=\"line-height: normal; margin: 0cm 0cm 0pt;\"><span style=\"font-size: 10pt; mso-fareast-font-family: 'Times New Roman'; mso-bidi-font-family: Arial; mso-ansi-language: ES; mso-fareast-language: ES;\"><span style=\"color: #000000;\"><span style=\"font-family: Calibri;\">3\u00ba David Pons<span style=\"mso-spacerun: yes;\">\u00a0 <\/span><\/span><\/span><\/span><\/p>\n<p class=\"MsoNormal\" style=\"line-height: normal; margin: 0cm 0cm 0pt;\"><span style=\"font-size: 10pt; mso-fareast-font-family: 'Times New Roman'; mso-bidi-font-family: Arial; mso-ansi-language: ES; mso-fareast-language: ES;\"><span style=\"font-family: Calibri; color: #000000;\">\u00a0<\/span><\/span><\/p>\n<p class=\"MsoNormal\" style=\"line-height: normal; margin: 0cm 0cm 0pt;\"><span style=\"color: #000000;\"><span style=\"font-family: Calibri;\"><strong><span style=\"font-size: 10pt; mso-fareast-font-family: 'Times New Roman'; mso-bidi-font-family: Arial; mso-ansi-language: ES; mso-fareast-language: ES;\">INFANTIL FEMENI:<\/span><\/strong><span style=\"font-size: 10pt; mso-fareast-font-family: 'Times New Roman'; mso-bidi-font-family: Arial; mso-ansi-language: ES; mso-fareast-language: ES;\">\u00a0<\/span><\/span><\/span><\/p>\n<p class=\"MsoNormal\" style=\"line-height: normal; margin: 0cm 0cm 0pt;\"><span style=\"font-size: 10pt; mso-fareast-font-family: 'Times New Roman'; mso-bidi-font-family: Arial; mso-ansi-language: ES; mso-fareast-language: ES;\"><span style=\"color: #000000;\"><span style=\"font-family: Calibri;\">1\u00aa Alba Ramirez Olmo<\/span><\/span><\/span><\/p>\n<p class=\"MsoNormal\" style=\"line-height: normal; margin: 0cm 0cm 0pt;\"><span style=\"font-size: 10pt; mso-fareast-font-family: 'Times New Roman'; mso-bidi-font-family: Arial; mso-ansi-language: ES; mso-fareast-language: ES;\"><span style=\"color: #000000;\"><span style=\"font-family: Calibri;\">2\u00aa Marta Jim\u00e9nez Domingo<\/span><\/span><\/span><\/p>\n<p class=\"MsoNormal\" style=\"line-height: normal; margin: 0cm 0cm 0pt;\"><span style=\"font-size: 10pt; mso-fareast-font-family: 'Times New Roman'; mso-bidi-font-family: Arial; mso-ansi-language: ES; mso-fareast-language: ES;\"><span style=\"color: #000000;\"><span style=\"font-family: Calibri;\">3\u00aa Carolina Orts Ruano<\/span><\/span><\/span><\/p>\n<p class=\"MsoNormal\" style=\"line-height: normal; margin: 0cm 0cm 0pt;\"><span style=\"font-size: 10pt; mso-fareast-font-family: 'Times New Roman'; mso-bidi-font-family: Arial; mso-ansi-language: ES; mso-fareast-language: ES;\"><span style=\"font-family: Calibri; color: #000000;\">\u00a0<\/span><\/span><\/p>\n<p class=\"MsoNormal\" style=\"line-height: normal; margin: 0cm 0cm 0pt;\"><span style=\"color: #000000;\"><span style=\"font-family: Calibri;\"><strong><span style=\"font-size: 10pt; mso-fareast-font-family: 'Times New Roman'; mso-bidi-font-family: Arial; mso-ansi-language: ES; mso-fareast-language: ES;\">INFANTIL MASCULI:<\/span><\/strong><\/span><\/span><\/p>\n<p class=\"MsoNormal\" style=\"line-height: normal; margin: 0cm 0cm 0pt;\"><span style=\"font-size: 10pt; mso-fareast-font-family: 'Times New Roman'; mso-bidi-font-family: Arial; mso-ansi-language: ES; mso-fareast-language: ES;\"><span style=\"color: #000000;\"><span style=\"font-family: Calibri;\">1\u00ba Joan Noguera Tom\u00e0s<\/span><\/span><\/span><\/p>\n<p class=\"MsoNormal\" style=\"line-height: normal; margin: 0cm 0cm 0pt;\"><span style=\"font-size: 10pt; mso-fareast-font-family: 'Times New Roman'; mso-bidi-font-family: Arial; mso-ansi-language: ES; mso-fareast-language: ES;\"><span style=\"color: #000000;\"><span style=\"font-family: Calibri;\">2\u00ba Javier Oliver Vives<\/span><\/span><\/span><\/p>\n<p class=\"MsoNormal\" style=\"line-height: normal; margin: 0cm 0cm 0pt;\"><span style=\"font-size: 10pt; mso-fareast-font-family: 'Times New Roman'; mso-bidi-font-family: Arial; mso-ansi-language: ES; mso-fareast-language: ES;\"><span style=\"color: #000000;\"><span style=\"font-family: Calibri;\">3\u00ba Manuel Garcia Mu\u00f1oz<\/span><\/span><\/span><\/p>\n<p class=\"MsoNormal\" style=\"line-height: normal; margin: 0cm 0cm 0pt;\"><span style=\"font-size: 10pt; mso-fareast-font-family: 'Times New Roman'; mso-bidi-font-family: Arial; mso-ansi-language: ES; mso-fareast-language: ES;\"><span style=\"font-family: Calibri; color: #000000;\">\u00a0<\/span><\/span><\/p>\n<p class=\"MsoNormal\" style=\"line-height: normal; margin: 0cm 0cm 0pt;\"><strong><span style=\"font-size: 10pt; mso-fareast-font-family: 'Times New Roman'; mso-bidi-font-family: Arial; mso-ansi-language: ES; mso-fareast-language: ES;\"><span style=\"color: #000000;\"><span style=\"font-family: Calibri;\">CADETE FEMENI:<\/span><\/span><\/span><\/strong><\/p>\n<p class=\"MsoNormal\" style=\"line-height: normal; margin: 0cm 0cm 0pt;\"><span style=\"font-size: 10pt; mso-fareast-font-family: 'Times New Roman'; mso-bidi-font-family: Arial; mso-ansi-language: ES; mso-fareast-language: ES;\"><span style=\"color: #000000;\"><span style=\"font-family: Calibri;\">1\u00aa Marina Gorrias Aznar<\/span><\/span><\/span><\/p>\n<p class=\"MsoNormal\" style=\"line-height: normal; margin: 0cm 0cm 0pt;\"><span style=\"font-size: 10pt; mso-fareast-font-family: 'Times New Roman'; mso-bidi-font-family: Arial; mso-ansi-language: ES; mso-fareast-language: ES;\"><span style=\"font-family: Calibri; color: #000000;\">\u00a0<\/span><\/span><\/p>\n<p class=\"MsoNormal\" style=\"line-height: normal; margin: 0cm 0cm 0pt;\"><span style=\"color: #000000;\"><span style=\"font-family: Calibri;\"><strong><span style=\"font-size: 10pt; mso-fareast-font-family: 'Times New Roman'; mso-bidi-font-family: Arial; mso-ansi-language: ES; mso-fareast-language: ES;\">CADETE MASCULI:<\/span><\/strong><\/span><\/span><\/p>\n<p class=\"MsoNormal\" style=\"line-height: normal; margin: 0cm 0cm 0pt;\"><span style=\"font-size: 10pt; mso-fareast-font-family: 'Times New Roman'; mso-bidi-font-family: Arial; mso-ansi-language: ES; mso-fareast-language: ES;\"><span style=\"color: #000000;\"><span style=\"font-family: Calibri;\">1\u00ba Gorka Martinez Orfila<\/span><\/span><\/span><\/p>\n<p class=\"MsoNormal\" style=\"line-height: normal; margin: 0cm 0cm 0pt;\"><span style=\"font-size: 10pt; mso-fareast-font-family: 'Times New Roman'; mso-bidi-font-family: Arial; mso-ansi-language: ES; mso-fareast-language: ES;\"><span style=\"color: #000000;\"><span style=\"font-family: Calibri;\">2\u00ba Sergio Heredia Calvo<\/span><\/span><\/span><\/p>\n<p class=\"MsoNormal\" style=\"line-height: normal; margin: 0cm 0cm 0pt;\"><span style=\"font-size: 10pt; mso-fareast-font-family: 'Times New Roman'; mso-bidi-font-family: Arial; mso-ansi-language: ES; mso-fareast-language: ES;\"><span style=\"font-family: Calibri; color: #000000;\"><span style=\"font-size: 10pt; mso-fareast-font-family: 'Times New Roman'; mso-bidi-font-family: Arial; mso-ansi-language: ES; mso-fareast-language: ES;\"><span style=\"color: #000000;\"><span style=\"font-family: Calibri;\">3\u00ba Lloren\u00e7 Soler Buades<\/span><\/span><\/span><\/span><\/span><\/p>\n<p class=\"MsoNormal\" style=\"line-height: normal; margin: 0cm 0cm 0pt;\">\u00a0<\/p>\n<p class=\"MsoNormal\" style=\"line-height: normal; margin: 0cm 0cm 0pt;\"><span style=\"font-size: 10pt; mso-fareast-font-family: 'Times New Roman'; mso-bidi-font-family: Arial; mso-ansi-language: ES; mso-fareast-language: ES;\">\u00a0\u00a0\u00a0 <img loading=\"lazy\" decoding=\"async\" src=\"images\/stories\/0h3t4634 copy.jpg\" border=\"0\" width=\"245\" height=\"186\" \/>\u00a0 <img loading=\"lazy\" decoding=\"async\" src=\"images\/stories\/8d5h5023 copy.jpg\" border=\"0\" width=\"243\" height=\"184\" \/><\/span><\/p>\n<p>\u00a0<\/p>\n","protected":false},"excerpt":{"rendered":"<p>El pasado s\u00e1bado 28 se disputaron las pruebas de triatl\u00f3n Ciutat de Palma de categor\u00edas menores. LISTADO RESULTADOS\u00a0 Los ganadores fueron: BENJAMI FEMENI:\u00a0 1\u00aa J\u00falia Gallego de Abasolo 2\u00aa Vicktorya kopytova 3\u00aa Teresa de la Cruz \u00a0 BENJAMI MASCULI: 1\u00ba Daniel Orts Ruano 2\u00aa Rafel Joan Bover Llado 3\u00ba Biel Cort\u00e9s Bibiloni \u00a0 ALEVI FEMENI: &#8230;<\/p>\n","protected":false},"author":1,"featured_media":0,"comment_status":"open","ping_status":"open","sticky":false,"template":"","format":"standard","meta":{"_uag_custom_page_level_css":"","footnotes":""},"categories":[29],"tags":[],"class_list":["post-76","post","type-post","status-publish","format-standard","hentry","category-escolar-base"],"uagb_featured_image_src":{"full":false,"thumbnail":false,"medium":false,"medium_large":false,"large":false,"1536x1536":false,"2048x2048":false,"tie-small":false,"tie-large":false,"slider":false},"uagb_author_info":{"display_name":"admin","author_link":"https:\/\/fetrib.com\/web\/author\/admin\/"},"uagb_comment_info":0,"uagb_excerpt":"El pasado s\u00e1bado 28 se disputaron las pruebas de triatl\u00f3n Ciutat de Palma de categor\u00edas menores. LISTADO RESULTADOS\u00a0 Los ganadores fueron: BENJAMI FEMENI:\u00a0 1\u00aa J\u00falia Gallego de Abasolo 2\u00aa Vicktorya kopytova 3\u00aa Teresa de la Cruz \u00a0 BENJAMI MASCULI: 1\u00ba Daniel Orts Ruano 2\u00aa Rafel Joan Bover Llado 3\u00ba Biel Cort\u00e9s Bibiloni \u00a0 ALEVI FEMENI:&hellip;","_links":{"self":[{"href":"https:\/\/fetrib.com\/web\/wp-json\/wp\/v2\/posts\/76","targetHints":{"allow":["GET"]}}],"collection":[{"href":"https:\/\/fetrib.com\/web\/wp-json\/wp\/v2\/posts"}],"about":[{"href":"https:\/\/fetrib.com\/web\/wp-json\/wp\/v2\/types\/post"}],"author":[{"embeddable":true,"href":"https:\/\/fetrib.com\/web\/wp-json\/wp\/v2\/users\/1"}],"replies":[{"embeddable":true,"href":"https:\/\/fetrib.com\/web\/wp-json\/wp\/v2\/comments?post=76"}],"version-history":[{"count":0,"href":"https:\/\/fetrib.com\/web\/wp-json\/wp\/v2\/posts\/76\/revisions"}],"wp:attachment":[{"href":"https:\/\/fetrib.com\/web\/wp-json\/wp\/v2\/media?parent=76"}],"wp:term":[{"taxonomy":"category","embeddable":true,"href":"https:\/\/fetrib.com\/web\/wp-json\/wp\/v2\/categories?post=76"},{"taxonomy":"post_tag","embeddable":true,"href":"https:\/\/fetrib.com\/web\/wp-json\/wp\/v2\/tags?post=76"}],"curies":[{"name":"wp","href":"https:\/\/api.w.org\/{rel}","templated":true}]}}