{"id":77,"date":"2011-06-01T13:26:39","date_gmt":"2011-06-01T13:26:39","guid":{"rendered":"http:\/\/www.fetrib.com\/web2018\/escolar-base\/seleccionados-cto-espana-cadete\/"},"modified":"2011-06-01T13:26:39","modified_gmt":"2011-06-01T13:26:39","slug":"seleccionados-cto-espana-cadete","status":"publish","type":"post","link":"https:\/\/fetrib.com\/web\/2011\/06\/01\/seleccionados-cto-espana-cadete\/","title":{"rendered":"SELECCIONADOS CTO ESPA\u00d1A CADETE"},"content":{"rendered":"<p>Tras la disputa del triatl\u00f3n Ciutat de Palma y Campeonato de Baleares de la categor\u00eda Cadete la Direcci\u00f3n T\u00e9cnica de la Fetrib ha asignado a los siguientes triatletas para disputar el Campeonato de Espa\u00f1a\u00a0Escolar de SANXENXO\u00a0\u00a0los pr\u00f3ximos\u00a024 a 27 JUNIO.<\/p>\n<p>Seleccionados:<\/p>\n<p class=\"MsoNormal\" style=\"line-height: normal; margin: 0cm 0cm 0pt;\"><strong><span style=\"font-size: 10pt; mso-fareast-font-family: 'Times New Roman'; mso-bidi-font-family: Arial; mso-ansi-language: ES; mso-fareast-language: ES;\"><span style=\"color: #000000;\"><span style=\"font-family: Calibri;\">CADETE FEMENI:<\/span><\/span><\/span><\/strong><\/p>\n<p class=\"MsoNormal\" style=\"line-height: normal; margin: 0cm 0cm 0pt;\"><span style=\"font-size: 10pt; mso-fareast-font-family: 'Times New Roman'; mso-bidi-font-family: Arial; mso-ansi-language: ES; mso-fareast-language: ES;\"><span style=\"color: #000000;\"><span style=\"font-family: Calibri;\">1\u00aa Marina Gorrias Aznar<\/span><\/span><\/span><\/p>\n<p class=\"MsoNormal\" style=\"line-height: normal; margin: 0cm 0cm 0pt;\"><span style=\"font-size: 10pt; mso-fareast-font-family: 'Times New Roman'; mso-bidi-font-family: Arial; mso-ansi-language: ES; mso-fareast-language: ES;\"><span style=\"font-family: Calibri; color: #000000;\">\u00a0<\/span><\/span><\/p>\n<p class=\"MsoNormal\" style=\"line-height: normal; margin: 0cm 0cm 0pt;\"><span style=\"color: #000000;\"><span style=\"font-family: Calibri;\"><strong><span style=\"font-size: 10pt; mso-fareast-font-family: 'Times New Roman'; mso-bidi-font-family: Arial; mso-ansi-language: ES; mso-fareast-language: ES;\">CADETE MASCULI:<\/span><\/strong><\/span><\/span><\/p>\n<p class=\"MsoNormal\" style=\"line-height: normal; margin: 0cm 0cm 0pt;\"><span style=\"font-size: 10pt; mso-fareast-font-family: 'Times New Roman'; mso-bidi-font-family: Arial; mso-ansi-language: ES; mso-fareast-language: ES;\"><span style=\"color: #000000;\"><span style=\"font-family: Calibri;\">1\u00ba Gorka Martinez Orfila<\/span><\/span><\/span><\/p>\n<p class=\"MsoNormal\" style=\"line-height: normal; margin: 0cm 0cm 0pt;\"><span style=\"font-size: 10pt; mso-fareast-font-family: 'Times New Roman'; mso-bidi-font-family: Arial; mso-ansi-language: ES; mso-fareast-language: ES;\"><span style=\"color: #000000;\"><span style=\"font-family: Calibri;\">2\u00ba Sergio Heredia Calvo<\/span><\/span><\/span><\/p>\n<p class=\"MsoNormal\" style=\"line-height: normal; margin: 0cm 0cm 0pt;\"><span style=\"font-size: 10pt; mso-fareast-font-family: 'Times New Roman'; mso-bidi-font-family: Arial; mso-ansi-language: ES; mso-fareast-language: ES;\"><span style=\"color: #000000;\"><span style=\"font-family: Calibri;\">3\u00ba Jorge Garcia Mart\u00edn<\/span><\/span><\/span><\/p>\n<p class=\"MsoNormal\" style=\"line-height: normal; margin: 0cm 0cm 0pt;\"><span style=\"font-size: 10pt; mso-fareast-font-family: 'Times New Roman'; mso-bidi-font-family: Arial; mso-ansi-language: ES; mso-fareast-language: ES;\"><span style=\"font-family: Calibri; color: #000000;\">4\u00ba Lloren\u00e7 Soler Buades<\/span><\/span><\/p>\n<p><p><a href=\"http:\/\/www.csd.gob.es\/csd\/promocion\/deporte-escolar\/2campeonatosEspEscolar\/view\">+ INFO<\/a><\/p>\n<p>\u00a0<\/p>\n<p>\u00a0<\/p><\/p>\n","protected":false},"excerpt":{"rendered":"<p>Tras la disputa del triatl\u00f3n Ciutat de Palma y Campeonato de Baleares de la categor\u00eda Cadete la Direcci\u00f3n T\u00e9cnica de la Fetrib ha asignado a los siguientes triatletas para disputar el Campeonato de Espa\u00f1a\u00a0Escolar de SANXENXO\u00a0\u00a0los pr\u00f3ximos\u00a024 a 27 JUNIO. Seleccionados: CADETE FEMENI: 1\u00aa Marina Gorrias Aznar \u00a0 CADETE MASCULI: 1\u00ba Gorka Martinez Orfila 2\u00ba &#8230;<\/p>\n","protected":false},"author":1,"featured_media":0,"comment_status":"open","ping_status":"open","sticky":false,"template":"","format":"standard","meta":{"_uag_custom_page_level_css":"","footnotes":""},"categories":[29],"tags":[],"class_list":["post-77","post","type-post","status-publish","format-standard","hentry","category-escolar-base"],"uagb_featured_image_src":{"full":false,"thumbnail":false,"medium":false,"medium_large":false,"large":false,"1536x1536":false,"2048x2048":false,"tie-small":false,"tie-large":false,"slider":false},"uagb_author_info":{"display_name":"admin","author_link":"https:\/\/fetrib.com\/web\/author\/admin\/"},"uagb_comment_info":0,"uagb_excerpt":"Tras la disputa del triatl\u00f3n Ciutat de Palma y Campeonato de Baleares de la categor\u00eda Cadete la Direcci\u00f3n T\u00e9cnica de la Fetrib ha asignado a los siguientes triatletas para disputar el Campeonato de Espa\u00f1a\u00a0Escolar de SANXENXO\u00a0\u00a0los pr\u00f3ximos\u00a024 a 27 JUNIO. Seleccionados: CADETE FEMENI: 1\u00aa Marina Gorrias Aznar \u00a0 CADETE MASCULI: 1\u00ba Gorka Martinez Orfila 2\u00ba&hellip;","_links":{"self":[{"href":"https:\/\/fetrib.com\/web\/wp-json\/wp\/v2\/posts\/77","targetHints":{"allow":["GET"]}}],"collection":[{"href":"https:\/\/fetrib.com\/web\/wp-json\/wp\/v2\/posts"}],"about":[{"href":"https:\/\/fetrib.com\/web\/wp-json\/wp\/v2\/types\/post"}],"author":[{"embeddable":true,"href":"https:\/\/fetrib.com\/web\/wp-json\/wp\/v2\/users\/1"}],"replies":[{"embeddable":true,"href":"https:\/\/fetrib.com\/web\/wp-json\/wp\/v2\/comments?post=77"}],"version-history":[{"count":0,"href":"https:\/\/fetrib.com\/web\/wp-json\/wp\/v2\/posts\/77\/revisions"}],"wp:attachment":[{"href":"https:\/\/fetrib.com\/web\/wp-json\/wp\/v2\/media?parent=77"}],"wp:term":[{"taxonomy":"category","embeddable":true,"href":"https:\/\/fetrib.com\/web\/wp-json\/wp\/v2\/categories?post=77"},{"taxonomy":"post_tag","embeddable":true,"href":"https:\/\/fetrib.com\/web\/wp-json\/wp\/v2\/tags?post=77"}],"curies":[{"name":"wp","href":"https:\/\/api.w.org\/{rel}","templated":true}]}}