{"id":96,"date":"2011-08-04T10:53:35","date_gmt":"2011-08-04T10:53:35","guid":{"rendered":"http:\/\/www.fetrib.com\/web2018\/escolar-base\/resultados-triatlo-portocolom\/"},"modified":"2011-08-04T10:53:35","modified_gmt":"2011-08-04T10:53:35","slug":"resultados-triatlo-portocolom","status":"publish","type":"post","link":"https:\/\/fetrib.com\/web\/2011\/08\/04\/resultados-triatlo-portocolom\/","title":{"rendered":"Resultados Triatl\u00f3 Portocolom"},"content":{"rendered":"<p><img loading=\"lazy\" decoding=\"async\" src=\"images\/stories\/dsc06784.jpg\" border=\"0\" width=\"335\" height=\"223\" \/>\u00a0<img loading=\"lazy\" decoding=\"async\" src=\"images\/stories\/dsc06779.jpg\" border=\"0\" width=\"191\" height=\"311\" \/><\/p>\n<p>\u00a0<\/p>\n<p>El pasado 31 de Julio se celebr\u00f3 una nueva edici\u00f3n del triatl\u00f3n de Portocolom que contaba con<\/p>\n<p>categorias menores, podeis consultar los resultados aqu\u00ed:<\/p>\n<p style=\"text-align: center;\"><a href=\"http:\/\/fetrib.com\/web\/wp-content\/uploads\/2011\/08\/resultados_infantiles_portocolom.pdf\"><img loading=\"lazy\" decoding=\"async\" src=\"images\/stories\/pdflogo.jpg\" border=\"0\" width=\"68\" height=\"75\" \/><\/a><\/p>\n","protected":false},"excerpt":{"rendered":"<p>\u00a0 \u00a0 El pasado 31 de Julio se celebr\u00f3 una nueva edici\u00f3n del triatl\u00f3n de Portocolom que contaba con categorias menores, podeis consultar los resultados aqu\u00ed:<\/p>\n","protected":false},"author":1,"featured_media":0,"comment_status":"open","ping_status":"open","sticky":false,"template":"","format":"standard","meta":{"_uag_custom_page_level_css":"","footnotes":""},"categories":[29],"tags":[],"class_list":["post-96","post","type-post","status-publish","format-standard","hentry","category-escolar-base"],"uagb_featured_image_src":{"full":false,"thumbnail":false,"medium":false,"medium_large":false,"large":false,"1536x1536":false,"2048x2048":false,"tie-small":false,"tie-large":false,"slider":false},"uagb_author_info":{"display_name":"admin","author_link":"https:\/\/fetrib.com\/web\/author\/admin\/"},"uagb_comment_info":0,"uagb_excerpt":"\u00a0 \u00a0 El pasado 31 de Julio se celebr\u00f3 una nueva edici\u00f3n del triatl\u00f3n de Portocolom que contaba con categorias menores, podeis consultar los resultados aqu\u00ed:","_links":{"self":[{"href":"https:\/\/fetrib.com\/web\/wp-json\/wp\/v2\/posts\/96","targetHints":{"allow":["GET"]}}],"collection":[{"href":"https:\/\/fetrib.com\/web\/wp-json\/wp\/v2\/posts"}],"about":[{"href":"https:\/\/fetrib.com\/web\/wp-json\/wp\/v2\/types\/post"}],"author":[{"embeddable":true,"href":"https:\/\/fetrib.com\/web\/wp-json\/wp\/v2\/users\/1"}],"replies":[{"embeddable":true,"href":"https:\/\/fetrib.com\/web\/wp-json\/wp\/v2\/comments?post=96"}],"version-history":[{"count":0,"href":"https:\/\/fetrib.com\/web\/wp-json\/wp\/v2\/posts\/96\/revisions"}],"wp:attachment":[{"href":"https:\/\/fetrib.com\/web\/wp-json\/wp\/v2\/media?parent=96"}],"wp:term":[{"taxonomy":"category","embeddable":true,"href":"https:\/\/fetrib.com\/web\/wp-json\/wp\/v2\/categories?post=96"},{"taxonomy":"post_tag","embeddable":true,"href":"https:\/\/fetrib.com\/web\/wp-json\/wp\/v2\/tags?post=96"}],"curies":[{"name":"wp","href":"https:\/\/api.w.org\/{rel}","templated":true}]}}